{"id":114864,"date":"2025-03-29T02:53:08","date_gmt":"2025-03-29T02:53:08","guid":{"rendered":"https:\/\/tvbrazilusa.com\/2025\/03\/29\/antonia-fontenelle-perde-processo-para-felipe-neto-e-fica-inelegivel\/"},"modified":"2025-03-29T02:53:09","modified_gmt":"2025-03-29T02:53:09","slug":"antonia-fontenelle-perde-processo-para-felipe-neto-e-fica-inelegivel","status":"publish","type":"post","link":"https:\/\/tvbrazilusa.com\/pt\/2025\/03\/29\/antonia-fontenelle-perde-processo-para-felipe-neto-e-fica-inelegivel\/","title":{"rendered":"Antonia Fontenelle perde processo para Felipe Neto e fica ineleg\u00edvel"},"content":{"rendered":"<p> <script async src=\"https:\/\/pagead2.googlesyndication.com\/pagead\/js\/adsbygoogle.js?client=ca-pub-8864793242727901\"\r\n     crossorigin=\"anonymous\"><\/script><br \/>\n<\/p>\n<div id=\"taboola-read-more\" style=\"display:block; width:100%\">\n<p>A apresentadora Antonia Fontenelle teve seus direitos pol\u00edticos suspensos ap\u00f3s uma condena\u00e7\u00e3o judicial em processo movido pelo influenciador Felipe Neto. A decis\u00e3o, divulgada nesta sexta-feira (28), resulta de acusa\u00e7\u00f5es de cal\u00fania, difama\u00e7\u00e3o e inj\u00faria feitas por Fontenelle contra Neto em 2020. As informa\u00e7\u00f5es s\u00e3o do colunista Ancelmo Gois, do jornal O Globo.\n<\/p>\n<p>Durante transmiss\u00f5es ao vivo em suas redes sociais, Fontenelle acusou Felipe Neto de fazer uso de subst\u00e2ncias il\u00edcitas e de tentar aplicar um golpe nela, al\u00e9m de classific\u00e1-lo como \u201csociopata\u201d.<\/p>\n<p><strong>Entenda a condena\u00e7\u00e3o<\/strong><br \/>Essas declara\u00e7\u00f5es resultaram em uma condena\u00e7\u00e3o de pouco mais de um ano de pris\u00e3o, pena que foi convertida em presta\u00e7\u00e3o de servi\u00e7os comunit\u00e1rios e pagamento de multa no valor de R$ 40 mil. Com a decis\u00e3o proferida em 2022, o montante ser\u00e1 reajustado com juros e corre\u00e7\u00e3o monet\u00e1ria.\n<\/p>\n<p>Com o tr\u00e2nsito em julgado da senten\u00e7a, ou seja, sem possibilidade de recurso, a Justi\u00e7a determinou a suspens\u00e3o dos direitos pol\u00edticos de Fontenelle.\n<\/p>\n<p>O Tribunal Regional Eleitoral foi notificado para registrar a inelegibilidade da apresentadora, que tentou uma vaga na C\u00e2mara dos Deputados em 2022, mas n\u00e3o obteve sucesso nas urnas.\n<\/p>\n<p><strong>Felipe Neto comemorou<\/strong><br \/>Felipe Neto usou suas redes sociais para comemorar a vit\u00f3ria na Justi\u00e7a contra Antonia Fontenelle. \u201cMais uma vit\u00f3ria. E essa \u00e9 de todos n\u00f3s\u201d, escreveu o youtuber em seu perfil no X, antigo Twitter.\n<\/p>\n<p>Fonte: Metr\u00f3poles              <\/p>\n<\/div>\n<p><br \/>\n<br \/><a href=\"https:\/\/diariodobrasilnoticias.com.br\/noticia\/antonia-fontenelle-perde-processo-para-felipe-neto-e-fica-inelegivel-67e72d504ac70\">Source link <\/a><\/p>","protected":false},"excerpt":{"rendered":"<p>A apresentadora Antonia Fontenelle teve seus direitos pol\u00edticos suspensos ap\u00f3s uma condena\u00e7\u00e3o judicial em processo movido pelo influenciador Felipe Neto. A decis\u00e3o, divulgada nesta sexta-feira (28), resulta de acusa\u00e7\u00f5es de&hellip;<\/p>","protected":false},"author":1,"featured_media":114865,"comment_status":"closed","ping_status":"open","sticky":false,"template":"","format":"standard","meta":{"content-type":"","footnotes":""},"categories":[16],"tags":[123,2448,5313,1267],"class_list":["post-114864","post","type-post","status-publish","format-standard","has-post-thumbnail","hentry","category-noticias","tag-brasil","tag-diario","tag-noticia","tag-noticias"],"_links":{"self":[{"href":"https:\/\/tvbrazilusa.com\/pt\/wp-json\/wp\/v2\/posts\/114864","targetHints":{"allow":["GET"]}}],"collection":[{"href":"https:\/\/tvbrazilusa.com\/pt\/wp-json\/wp\/v2\/posts"}],"about":[{"href":"https:\/\/tvbrazilusa.com\/pt\/wp-json\/wp\/v2\/types\/post"}],"author":[{"embeddable":true,"href":"https:\/\/tvbrazilusa.com\/pt\/wp-json\/wp\/v2\/users\/1"}],"replies":[{"embeddable":true,"href":"https:\/\/tvbrazilusa.com\/pt\/wp-json\/wp\/v2\/comments?post=114864"}],"version-history":[{"count":1,"href":"https:\/\/tvbrazilusa.com\/pt\/wp-json\/wp\/v2\/posts\/114864\/revisions"}],"predecessor-version":[{"id":114866,"href":"https:\/\/tvbrazilusa.com\/pt\/wp-json\/wp\/v2\/posts\/114864\/revisions\/114866"}],"wp:featuredmedia":[{"embeddable":true,"href":"https:\/\/tvbrazilusa.com\/pt\/wp-json\/wp\/v2\/media\/114865"}],"wp:attachment":[{"href":"https:\/\/tvbrazilusa.com\/pt\/wp-json\/wp\/v2\/media?parent=114864"}],"wp:term":[{"taxonomy":"category","embeddable":true,"href":"https:\/\/tvbrazilusa.com\/pt\/wp-json\/wp\/v2\/categories?post=114864"},{"taxonomy":"post_tag","embeddable":true,"href":"https:\/\/tvbrazilusa.com\/pt\/wp-json\/wp\/v2\/tags?post=114864"}],"curies":[{"name":"wp","href":"https:\/\/api.w.org\/{rel}","templated":true}]}}