{"id":114867,"date":"2025-03-29T08:31:44","date_gmt":"2025-03-29T08:31:44","guid":{"rendered":"https:\/\/tvbrazilusa.com\/2025\/03\/29\/%f0%9f%8c%b1-capacitar-adultos-autistas-em-fort-myers\/"},"modified":"2025-03-29T08:40:13","modified_gmt":"2025-03-29T08:40:13","slug":"%f0%9f%8c%b1-capacitar-adultos-autistas-em-fort-myers","status":"publish","type":"post","link":"https:\/\/tvbrazilusa.com\/pt\/2025\/03\/29\/%f0%9f%8c%b1-capacitar-adultos-autistas-em-fort-myers\/","title":{"rendered":"\ud83c\udf31 Capacitar adultos autistas em Fort Myers"},"content":{"rendered":"<p> <script async src=\"https:\/\/pagead2.googlesyndication.com\/pagead\/js\/adsbygoogle.js?client=ca-pub-8864793242727901\"\r\n     crossorigin=\"anonymous\"><\/script><br \/>\n<\/p>\n<div>\n<p>Oi Fort Myers! Temos o \u00faltimo burburinho aqui. Vamos mant\u00ea -lo no loop e come\u00e7ar esta manh\u00e3 certo! \u2600\ufe0f <strong>No boletim informativo de hoje:<\/strong><\/p>\n<\/div>\n<div>\n<ul>\n<li>Capacitando adultos autistas em Fort Myers<\/li>\n<li>Comemore 30 anos com a Sinfonia da Costa do Golfo<\/li>\n<li>A turn\u00ea de despedida de Ted Neeley atinge o Fort Myers<\/li>\n<\/ul>\n<p>Tamb\u00e9m no calend\u00e1rio de hoje: <strong>Hora de Paddy &#8211; Fort Myers, FL<\/strong> e 10 outros eventos.<\/p>\n<p><em>Riddle de hoje:<\/em> Como voc\u00ea chama de dan\u00e7a formal com galinhas? \ud83e\udd14 (Resposta abaixo!)<\/p>\n<\/div>\n<div>\n<hr\/>\n<p> <a href=\"https:\/\/patch.com\/florida\/fort-myers\/weather\"><strong>Previs\u00e3o do tempo:<\/strong><\/a> <\/p>\n<ul>\n<li class=\"sans\"><strong>S\u00e1bado:<\/strong> Uma tempestade T em torno da PM, com uma alta de 85 e baixa de 68 graus. <\/li>\n<li class=\"sans\"><strong>Domingo:<\/strong> Alguns chuveiros da tarde, Temps: High: 87, Low: 66. <span>\ud83c\udf36 Quente!<\/span> <\/li>\n<li class=\"sans\"><strong>Segunda-feira:<\/strong> Parcialmente ensolarado e quente, com uma alta de 89 e baixa de 67 graus. <\/li>\n<\/ul>\n<hr\/>\n<h4>\ud83d\udcf0 <strong>Not\u00edcias estamos lendo<\/strong><\/h4>\n<p><b>1. Minha conex\u00e3o de autismo ajudando os adultos a lidar com seu dist\u00farbio<\/b> (<a href=\"https:\/\/news.wgcu.org\/section\/health\/2025-03-28\/my-autism-connection-helping-adults-deal-with-their-disorder\" target=\"_blank\" rel=\"nofollow\">wgcu.org<\/a>) &#8211; Minha conex\u00e3o de autismo (MAC) em Fort Myers fornece um ambiente inclusivo e inclusivo para adultos com autismo. Fundada por Sandra Worth, a Mac oferece v\u00e1rias atividades e oportunidades de constru\u00e7\u00e3o de habilidades, capacitando os membros a levar vidas independentes. <br \/><a href=\"https:\/\/fort-myers-fl.patch.am\/rate-item?d=u&#038;h=eyJsb2MiOiI3NjkyIiwic291cmNlIjoid2djdS5vcmciLCJ0aXRsZSI6Ik15IEF1dGlzbSBDb25uZWN0aW9uIGhlbHBpbmcgYWR1bHRzIGRlYWwgd2l0aCB0aGVpciBkaXNvcmRlciIsInVybCI6Imh0dHBzOlwvXC9uZXdzLndnY3Uub3JnXC9zZWN0aW9uXC9oZWFsdGhcLzIwMjUtMDMtMjhcL215LWF1dGlzbS1jb25uZWN0aW9uLWhlbHBpbmctYWR1bHRzLWRlYWwtd2l0aC10aGVpci1kaXNvcmRlciIsImFydGlkIjoiYmZiYTI3Y2M0NjRmNWNmMDdmZmY1YWYxYzUxMjA4YWQifQ==\" target=\"_blank\" rel=\"nofollow\"><\/a>   <a href=\"https:\/\/fort-myers-fl.patch.am\/rate-item?d=d&#038;h=eyJsb2MiOiI3NjkyIiwic291cmNlIjoid2djdS5vcmciLCJ0aXRsZSI6Ik15IEF1dGlzbSBDb25uZWN0aW9uIGhlbHBpbmcgYWR1bHRzIGRlYWwgd2l0aCB0aGVpciBkaXNvcmRlciIsInVybCI6Imh0dHBzOlwvXC9uZXdzLndnY3Uub3JnXC9zZWN0aW9uXC9oZWFsdGhcLzIwMjUtMDMtMjhcL215LWF1dGlzbS1jb25uZWN0aW9uLWhlbHBpbmctYWR1bHRzLWRlYWwtd2l0aC10aGVpci1kaXNvcmRlciIsImFydGlkIjoiYmZiYTI3Y2M0NjRmNWNmMDdmZmY1YWYxYzUxMjA4YWQifQ==\" target=\"_blank\" rel=\"nofollow\"><img decoding=\"async\" class=\"thumbs\" width=\"16\" height=\"16\" src=\"https:\/\/patch.com\/img\/cdn\/assets\/layout\/thumb_down_16x16.png\" data-sizes=\"(min-width: 780px) 726px, 100vw\" srcset=\"https:\/\/patch.com\/img\/cdn\/assets\/layout\/thumb_down_16x16.png?width=640 640w, https:\/\/patch.com\/img\/cdn\/assets\/layout\/thumb_down_16x16.png?width=726 726w\"\/><\/a><\/p>\n<\/div>\n<div>\n<p><b>2. A Symphony da Costa do Golfo comemora 30\u00ba com a Broadway, Jazz, nova pe\u00e7a do Young SWFL Composer<\/b> (<a href=\"https:\/\/www.news-press.com\/story\/life\/2025\/03\/28\/gulf-coast-symphony-30th-anniversary-concert-at-b-b-mann-in-fort-myers-tickets-times-frazar-henry\/82632911007\" target=\"_blank\" rel=\"nofollow\">News-Press.com<\/a>) &#8211; A Sinfonia da Costa do Golfo em Fort Myers comemora seu 30\u00ba anivers\u00e1rio com um concerto diversificado com Broadway, Jazz, e uma nova pe\u00e7a do jovem compositor Frazar Henry. A celebra\u00e7\u00e3o acontece no Hall de Artes de Barbara B. Mann. <br \/><a href=\"https:\/\/fort-myers-fl.patch.am\/rate-item?d=u&#038;h=eyJsb2MiOiI3NjkyIiwic291cmNlIjoibmV3cy1wcmVzcy5jb20iLCJ0aXRsZSI6Ikd1bGYgQ29hc3QgU3ltcGhvbnkgY2VsZWJyYXRlcyAzMHRoIHdpdGggQnJvYWR3YXksIGphenosIG5ldyBwaWVjZSBmcm9tIHlvdW5nIFNXRkwgY29tcG9zZXIiLCJ1cmwiOiJodHRwczpcL1wvd3d3Lm5ld3MtcHJlc3MuY29tXC9zdG9yeVwvbGlmZVwvMjAyNVwvMDNcLzI4XC9ndWxmLWNvYXN0LXN5bXBob255LTMwdGgtYW5uaXZlcnNhcnktY29uY2VydC1hdC1iLWItbWFubi1pbi1mb3J0LW15ZXJzLXRpY2tldHMtdGltZXMtZnJhemFyLWhlbnJ5XC84MjYzMjkxMTAwNyIsImFydGlkIjoiMGJhNmVjZmUyNjYxNGRkZjYyN2RhODQ3MDA5MmM2M2UifQ==\" target=\"_blank\" rel=\"nofollow\"><img decoding=\"async\" class=\"thumbs\" width=\"16\" height=\"16\" src=\"https:\/\/patch.com\/img\/cdn\/assets\/layout\/thumb_up_16x16.png\" data-rel=\"penci-gallery-image-content\"  data-sizes=\"(min-width: 780px) 726px, 100vw\" srcset=\"https:\/\/patch.com\/img\/cdn\/assets\/layout\/thumb_up_16x16.png?width=640 640w, https:\/\/patch.com\/img\/cdn\/assets\/layout\/thumb_up_16x16.png?width=726 726w\"\/><\/a>   <a href=\"https:\/\/fort-myers-fl.patch.am\/rate-item?d=d&#038;h=eyJsb2MiOiI3NjkyIiwic291cmNlIjoibmV3cy1wcmVzcy5jb20iLCJ0aXRsZSI6Ikd1bGYgQ29hc3QgU3ltcGhvbnkgY2VsZWJyYXRlcyAzMHRoIHdpdGggQnJvYWR3YXksIGphenosIG5ldyBwaWVjZSBmcm9tIHlvdW5nIFNXRkwgY29tcG9zZXIiLCJ1cmwiOiJodHRwczpcL1wvd3d3Lm5ld3MtcHJlc3MuY29tXC9zdG9yeVwvbGlmZVwvMjAyNVwvMDNcLzI4XC9ndWxmLWNvYXN0LXN5bXBob255LTMwdGgtYW5uaXZlcnNhcnktY29uY2VydC1hdC1iLWItbWFubi1pbi1mb3J0LW15ZXJzLXRpY2tldHMtdGltZXMtZnJhemFyLWhlbnJ5XC84MjYzMjkxMTAwNyIsImFydGlkIjoiMGJhNmVjZmUyNjYxNGRkZjYyN2RhODQ3MDA5MmM2M2UifQ==\" target=\"_blank\" rel=\"nofollow\"><img decoding=\"async\" class=\"thumbs\" width=\"16\" height=\"16\" src=\"https:\/\/patch.com\/img\/cdn\/assets\/layout\/thumb_down_16x16.png\" data-sizes=\"(min-width: 780px) 726px, 100vw\" srcset=\"https:\/\/patch.com\/img\/cdn\/assets\/layout\/thumb_down_16x16.png?width=640 640w, https:\/\/patch.com\/img\/cdn\/assets\/layout\/thumb_down_16x16.png?width=726 726w\"\/><\/a><\/p>\n<p><b>3. TED TED NEELEY traz Tour de despedida de Jesus Cristo &#8221; para Alliance for the Arts, 31 de mar\u00e7o<\/b> (<a href=\"https:\/\/news.wgcu.org\/arts-and-culture\/2025-03-28\/ted-neeley-brings-jesus-christ-superstar-farewell-tour-to-alliance-for-the-arts-march-31\" target=\"_blank\" rel=\"nofollow\">wgcu.org<\/a>)-Ted Neeley traz sua turn\u00ea de despedida de Jesus Christ &#8216;a Fort Myers para uma exibi\u00e7\u00e3o especial na Alliance for the Arts em 31 de mar\u00e7o. Os f\u00e3s podem desfrutar de uma recep\u00e7\u00e3o VIP, Meet-and-Greet e uma exibi\u00e7\u00e3o de filmes remasterizados digitalmente. <br \/><a href=\"https:\/\/fort-myers-fl.patch.am\/rate-item?d=u&#038;h=eyJsb2MiOiI3NjkyIiwic291cmNlIjoid2djdS5vcmciLCJ0aXRsZSI6IlRlZCBOZWVsZXkgYnJpbmdzICdKZXN1cyBDaHJpc3QgU3VwZXJzdGFyJyBmYXJld2VsbCB0b3VyIHRvIEFsbGlhbmNlIGZvciB0aGUgQXJ0cyBNYXJjaCAzMSIsInVybCI6Imh0dHBzOlwvXC9uZXdzLndnY3Uub3JnXC9hcnRzLWFuZC1jdWx0dXJlXC8yMDI1LTAzLTI4XC90ZWQtbmVlbGV5LWJyaW5ncy1qZXN1cy1jaHJpc3Qtc3VwZXJzdGFyLWZhcmV3ZWxsLXRvdXItdG8tYWxsaWFuY2UtZm9yLXRoZS1hcnRzLW1hcmNoLTMxIiwiYXJ0aWQiOiJlY2MwOGI5NTBiYmEzMWE3NDVmNDA3OWE1YTU3ZTYxNiJ9\" target=\"_blank\" rel=\"nofollow\"><img decoding=\"async\" class=\"thumbs\" width=\"16\" height=\"16\" src=\"https:\/\/patch.com\/img\/cdn\/assets\/layout\/thumb_up_16x16.png\" data-rel=\"penci-gallery-image-content\"  data-sizes=\"(min-width: 780px) 726px, 100vw\" srcset=\"https:\/\/patch.com\/img\/cdn\/assets\/layout\/thumb_up_16x16.png?width=640 640w, https:\/\/patch.com\/img\/cdn\/assets\/layout\/thumb_up_16x16.png?width=726 726w\"\/><\/a>   <a href=\"https:\/\/fort-myers-fl.patch.am\/rate-item?d=d&#038;h=eyJsb2MiOiI3NjkyIiwic291cmNlIjoid2djdS5vcmciLCJ0aXRsZSI6IlRlZCBOZWVsZXkgYnJpbmdzICdKZXN1cyBDaHJpc3QgU3VwZXJzdGFyJyBmYXJld2VsbCB0b3VyIHRvIEFsbGlhbmNlIGZvciB0aGUgQXJ0cyBNYXJjaCAzMSIsInVybCI6Imh0dHBzOlwvXC9uZXdzLndnY3Uub3JnXC9hcnRzLWFuZC1jdWx0dXJlXC8yMDI1LTAzLTI4XC90ZWQtbmVlbGV5LWJyaW5ncy1qZXN1cy1jaHJpc3Qtc3VwZXJzdGFyLWZhcmV3ZWxsLXRvdXItdG8tYWxsaWFuY2UtZm9yLXRoZS1hcnRzLW1hcmNoLTMxIiwiYXJ0aWQiOiJlY2MwOGI5NTBiYmEzMWE3NDVmNDA3OWE1YTU3ZTYxNiJ9\" target=\"_blank\" rel=\"nofollow\"><img decoding=\"async\" class=\"thumbs\" width=\"16\" height=\"16\" src=\"https:\/\/patch.com\/img\/cdn\/assets\/layout\/thumb_down_16x16.png\" data-sizes=\"(min-width: 780px) 726px, 100vw\" srcset=\"https:\/\/patch.com\/img\/cdn\/assets\/layout\/thumb_down_16x16.png?width=640 640w, https:\/\/patch.com\/img\/cdn\/assets\/layout\/thumb_down_16x16.png?width=726 726w\"\/><\/a><\/p>\n<\/div>\n<div>\n<p><b>4. O julgamento de Nicholas Canfield no assassinato de crian\u00e7a abre com fotos gr\u00e1ficas do corpo da crian\u00e7a<\/b> (<a href=\"https:\/\/www.news-press.com\/story\/news\/crime\/2025\/03\/28\/murder-trial-of-north-fort-myers-toddler-advances-with-testimony-nicholas-canfield-jaliyah-ramos\/82705990007\" target=\"_blank\" rel=\"nofollow\">News-Press.com<\/a>) &#8211; O julgamento de Nicholas Canfield, acusado de assassinar a crian\u00e7a Jaliyah Rose Ramos, come\u00e7ou em Fort Myers. Fotos gr\u00e1ficas e testemunhos foram apresentados, detalhando as tr\u00e1gicas circunst\u00e2ncias em torno da morte de Jaliyah. O caso chamou aten\u00e7\u00e3o local significativa devido \u00e0 sua gravidade e ao envolvimento de <b>Fort Myers<\/b> atendentes de emerg\u00eancia. <br \/><a href=\"https:\/\/fort-myers-fl.patch.am\/rate-item?d=u&#038;h=eyJsb2MiOiI3NjkyIiwic291cmNlIjoibmV3cy1wcmVzcy5jb20iLCJ0aXRsZSI6Ik5pY2hvbGFzIENhbmZpZWxkJ3MgdHJpYWwgaW4gbXVyZGVyIG9mIHRvZGRsZXIgb3BlbnMgd2l0aCBncmFwaGljIHBob3RvcyBvZiBjaGlsZCdzIGJvZHkiLCJ1cmwiOiJodHRwczpcL1wvd3d3Lm5ld3MtcHJlc3MuY29tXC9zdG9yeVwvbmV3c1wvY3JpbWVcLzIwMjVcLzAzXC8yOFwvbXVyZGVyLXRyaWFsLW9mLW5vcnRoLWZvcnQtbXllcnMtdG9kZGxlci1hZHZhbmNlcy13aXRoLXRlc3RpbW9ueS1uaWNob2xhcy1jYW5maWVsZC1qYWxpeWFoLXJhbW9zXC84MjcwNTk5MDAwNyIsImFydGlkIjoiZjc2ODAwNGEwMzkyZDU0ODdmNTI1OTU4NDZkOWM1ODUifQ==\" target=\"_blank\" rel=\"nofollow\"><img decoding=\"async\" class=\"thumbs\" width=\"16\" height=\"16\" src=\"https:\/\/patch.com\/img\/cdn\/assets\/layout\/thumb_up_16x16.png\" data-rel=\"penci-gallery-image-content\"  data-sizes=\"(min-width: 780px) 726px, 100vw\" srcset=\"https:\/\/patch.com\/img\/cdn\/assets\/layout\/thumb_up_16x16.png?width=640 640w, https:\/\/patch.com\/img\/cdn\/assets\/layout\/thumb_up_16x16.png?width=726 726w\"\/><\/a>   <a href=\"https:\/\/fort-myers-fl.patch.am\/rate-item?d=d&#038;h=eyJsb2MiOiI3NjkyIiwic291cmNlIjoibmV3cy1wcmVzcy5jb20iLCJ0aXRsZSI6Ik5pY2hvbGFzIENhbmZpZWxkJ3MgdHJpYWwgaW4gbXVyZGVyIG9mIHRvZGRsZXIgb3BlbnMgd2l0aCBncmFwaGljIHBob3RvcyBvZiBjaGlsZCdzIGJvZHkiLCJ1cmwiOiJodHRwczpcL1wvd3d3Lm5ld3MtcHJlc3MuY29tXC9zdG9yeVwvbmV3c1wvY3JpbWVcLzIwMjVcLzAzXC8yOFwvbXVyZGVyLXRyaWFsLW9mLW5vcnRoLWZvcnQtbXllcnMtdG9kZGxlci1hZHZhbmNlcy13aXRoLXRlc3RpbW9ueS1uaWNob2xhcy1jYW5maWVsZC1qYWxpeWFoLXJhbW9zXC84MjcwNTk5MDAwNyIsImFydGlkIjoiZjc2ODAwNGEwMzkyZDU0ODdmNTI1OTU4NDZkOWM1ODUifQ==\" target=\"_blank\" rel=\"nofollow\"><img decoding=\"async\" class=\"thumbs\" width=\"16\" height=\"16\" src=\"https:\/\/patch.com\/img\/cdn\/assets\/layout\/thumb_down_16x16.png\" data-sizes=\"(min-width: 780px) 726px, 100vw\" srcset=\"https:\/\/patch.com\/img\/cdn\/assets\/layout\/thumb_down_16x16.png?width=640 640w, https:\/\/patch.com\/img\/cdn\/assets\/layout\/thumb_down_16x16.png?width=726 726w\"\/><\/a><\/p>\n<p><b>5. Uma igreja de Fort Myers diz que muitas vezes crian\u00e7as sem -teto s\u00e3o esquecidas e precisam de ajuda<\/b> (<a href=\"https:\/\/www.fox4now.com\/lehigh-acres\/a-fort-myers-church-says-many-times-homeless-children-are-forgotten-need-help\" target=\"_blank\" rel=\"nofollow\">Fox4now.com<\/a>) &#8211; Uma igreja de Fort Myers est\u00e1 abordando ativamente as necessidades das crian\u00e7as sem -teto, destacando as lutas enfrentadas por fam\u00edlias como os Martinis. Com o apoio da comunidade, eles pretendem fornecer recursos essenciais e esperar um futuro melhor. <br \/><a href=\"https:\/\/fort-myers-fl.patch.am\/rate-item?d=u&#038;h=eyJsb2MiOiI3NjkyIiwic291cmNlIjoiZm94NG5vdy5jb20iLCJ0aXRsZSI6IkEgRm9ydCBNeWVycyBjaHVyY2ggc2F5cyBtYW55IHRpbWVzIGhvbWVsZXNzIGNoaWxkcmVuIGFyZSBmb3Jnb3R0ZW4gJiBuZWVkIGhlbHAiLCJ1cmwiOiJodHRwczpcL1wvd3d3LmZveDRub3cuY29tXC9sZWhpZ2gtYWNyZXNcL2EtZm9ydC1teWVycy1jaHVyY2gtc2F5cy1tYW55LXRpbWVzLWhvbWVsZXNzLWNoaWxkcmVuLWFyZS1mb3Jnb3R0ZW4tbmVlZC1oZWxwIiwiYXJ0aWQiOiJlYTA3YWY4ZGFmNmYxZjMzZGQ0ODZjZGMzZThhMzZhMyJ9\" target=\"_blank\" rel=\"nofollow\"><img decoding=\"async\" class=\"thumbs\" width=\"16\" height=\"16\" src=\"https:\/\/patch.com\/img\/cdn\/assets\/layout\/thumb_up_16x16.png\" data-rel=\"penci-gallery-image-content\"  data-sizes=\"(min-width: 780px) 726px, 100vw\" srcset=\"https:\/\/patch.com\/img\/cdn\/assets\/layout\/thumb_up_16x16.png?width=640 640w, https:\/\/patch.com\/img\/cdn\/assets\/layout\/thumb_up_16x16.png?width=726 726w\"\/><\/a>   <a href=\"https:\/\/fort-myers-fl.patch.am\/rate-item?d=d&#038;h=eyJsb2MiOiI3NjkyIiwic291cmNlIjoiZm94NG5vdy5jb20iLCJ0aXRsZSI6IkEgRm9ydCBNeWVycyBjaHVyY2ggc2F5cyBtYW55IHRpbWVzIGhvbWVsZXNzIGNoaWxkcmVuIGFyZSBmb3Jnb3R0ZW4gJiBuZWVkIGhlbHAiLCJ1cmwiOiJodHRwczpcL1wvd3d3LmZveDRub3cuY29tXC9sZWhpZ2gtYWNyZXNcL2EtZm9ydC1teWVycy1jaHVyY2gtc2F5cy1tYW55LXRpbWVzLWhvbWVsZXNzLWNoaWxkcmVuLWFyZS1mb3Jnb3R0ZW4tbmVlZC1oZWxwIiwiYXJ0aWQiOiJlYTA3YWY4ZGFmNmYxZjMzZGQ0ODZjZGMzZThhMzZhMyJ9\" target=\"_blank\" rel=\"nofollow\"><img decoding=\"async\" class=\"thumbs\" width=\"16\" height=\"16\" src=\"https:\/\/patch.com\/img\/cdn\/assets\/layout\/thumb_down_16x16.png\" data-sizes=\"(min-width: 780px) 726px, 100vw\" srcset=\"https:\/\/patch.com\/img\/cdn\/assets\/layout\/thumb_down_16x16.png?width=640 640w, https:\/\/patch.com\/img\/cdn\/assets\/layout\/thumb_down_16x16.png?width=726 726w\"\/><\/a><\/p>\n<\/div>\n<div>\n<hr\/>\n<h4>\ud83d\uddd3 <strong>Pr\u00f3ximos eventos em Fort Myers<\/strong><br \/><\/h4>\n<p><a href=\"https:\/\/patch.com\/florida\/fort-myers\/compose\/event\">  Adicione seu evento ao nosso calend\u00e1rio e boletim informativo! <\/a><\/p>\n<ul>\n<h5><span class=\"text-green-8\"><b>S\u00e1bado, 29 de mar\u00e7o<\/b><\/span><\/h5>\n<li> <span> <a href=\"https:\/\/patch.com\/florida\/fort-myers\/calendar\/event\/20250329\/467222ea-7c41-4771-9a2d-0682f52e32d8\/time-to-paddy-fort-myers-fl\" rel=\"ugc\"><b>Hora de Paddy &#8211; Fort Myers, FL<\/b><\/a> <\/span> <br \/>Parque Regional do Condado de South, 670 Cooper St, Punta Gorda <br \/>9:00 <\/li>\n<h5><span class=\"text-green-8\"><b>Domingo 30 de mar\u00e7o<\/b><\/span><\/h5>\n<li> <span> <a href=\"https:\/\/patch.com\/florida\/fort-myers\/calendar\/event\/20250330\/d2f1082d-97fd-4d3d-ad4c-5a06aa2df6db\/time-to-paddy-naples-fl\" rel=\"ugc\"><b>Hora de Paddy &#8211; N\u00e1poles, FL<\/b><\/a> <\/span> <br \/>Gordon River Greenway Park, 1596 Golden Gate Pkwy, N\u00e1poles <br \/>9:00 <\/li>\n<li> <span> <a href=\"https:\/\/fortmyers.gov\/calendar.aspx?PREVIEW=YES&#038;EID=6449\" target=\"_blank\" rel=\"nofollow\"><b>Churrasco, bandas e bebidas<\/b><\/a> <\/span> <br \/>Caloosa Sound Amphitheatre, 2101 Edwards DR, Fort Myers <br \/>11:00 <\/li>\n<li> <span> <a href=\"https:\/\/wineandcanvas.com\/ft-myers\/event\/ft-myers-paint-party-beach-at-dusk\/\" target=\"_blank\" rel=\"nofollow\"><b>FT Party Myers Paint &#8211; praia ao anoitecer<\/b><\/a> <\/span> <br \/>Downtown Social House, 1406 Hendry St, Fort Myers <br \/>15:00 <\/li>\n<h5><span class=\"text-green-8\"><b>S\u00e1bado, 5 de abril<\/b><\/span><\/h5>\n<li> <span> <a href=\"https:\/\/patch.com\/florida\/fort-myers\/calendar\/event\/20250405\/f8dc7bfb-10a4-4fdf-ba3c-a5175758daa1\/breakfast-with-the-birds\" rel=\"ugc\"><b>Caf\u00e9 da manh\u00e3 com os p\u00e1ssaros<\/b><\/a> <\/span> <br \/>Edison &#038; Ford Winter Estates, 2350 McGregor Blvd, Fort Myers <br \/>7:30 <\/li>\n<li> <span> <a href=\"https:\/\/patch.com\/florida\/fort-myers\/calendar\/event\/20250405\/f6de3844-3fc0-4b48-a129-9c61cf58f569\/silk-scarf-painting-class-with-artist-marie-dyer\" rel=\"ugc\"><b>Aula de pintura de len\u00e7o de seda com a artista Marie Dyer<\/b><\/a> <\/span> <br \/>Edison &#038; Ford Winter Estates, 2350 McGregor Blvd, Fort Myers <br \/>9:00 <\/li>\n<li> <span> <a href=\"https:\/\/patch.com\/florida\/fort-myers\/calendar\/event\/20250405\/fb4456d3-ed4c-42b2-92f5-6ae02bfe1f86\/april-dinner-dance\" rel=\"ugc\"><b>DAN\u00c7A DE APARCA DAPENA<\/b><\/a> <\/span> <br \/>Clube Social Americano da Alemanha de Cape Coral, 2101 SW Pine Island Rd, Cape Coral <br \/>17:30 <\/li>\n<h5><span class=\"text-green-8\"><b>Quarta -feira, 9 de abril<\/b><\/span><\/h5>\n<li> <span> <a href=\"https:\/\/patch.com\/florida\/fort-myers\/calendar\/event\/20250409\/28c9af8d-075e-4ca8-8b61-ee3922687bb1\/garden-tour\" rel=\"ugc\"><b>Tour do jardim<\/b><\/a> <\/span> <br \/>Edison &#038; Ford Winter Estates, 2350 McGregor Blvd, Fort Myers <br \/>9:00 <\/li>\n<li> <span> <a href=\"https:\/\/patch.com\/florida\/fort-myers\/calendar\/event\/20250409\/4d0d3695-eb6c-40e7-8962-26b918a42c03\/homeschool-classes-at-edison-ford-transportation-engineering-marvels-channel-tunnel\" rel=\"ugc\"><b>Aulas em casa em Edison Ford: Engenharia de Transporte Marvels \u201cT\u00fanel de Canal\u201d<\/b><\/a> <\/span> <br \/>Edison &#038; Ford Winter Estates, 2350 McGregor Blvd, Fort Myers <br \/>10:00 <\/li>\n<li> <span> <a href=\"https:\/\/patch.com\/florida\/fort-myers\/calendar\/event\/20250409\/468aee81-d977-44b7-be45-1c90e9b34c62\/step-into-history-digital-edition-in-defense-of-fort-myers\" rel=\"ugc\"><b>Entre na History Digital Edition: em Defense of Fort Myers<\/b><\/a> <\/span> <br \/>Edison &#038; Ford Winter Estates, 2350 McGregor Blvd, Fort Myers <br \/>10:30 <\/li>\n<\/ul>\n<hr\/>\n<h4>\ud83d\uddd3 <strong>Eventos pr\u00f3ximos<\/strong><\/h4>\n<ul>\n<h5> <span class=\"text-green-8\"><b>S\u00e1bado, 29 de mar\u00e7o<\/b><\/span> <\/h5>\n<li><span> <b>Mente, Mini Retiro de Mente, Corpo e Soul<\/b> Alliance for the Arts, 10091 McGregor Blvd., Fort Myers <\/span><br \/>9h30 <\/li>\n<li><span> <b>Paisagens cativantes com Shirley Hales<\/b> Alliance for the Arts, 10091 McGregor Blvd., Fort Myers <\/span><br \/>10:00 <\/li>\n<h5> <span class=\"text-green-8\"><b>Domingo 30 de mar\u00e7o<\/b><\/span> <\/h5>\n<li><span> <b>Life Drawing Lounge (com mais de 18 anos)<\/b> Alliance for the Arts, 10091 McGregor Blvd., Fort Myers <\/span><br \/>13:00 <\/li>\n<h5> <span class=\"text-green-8\"><b>Segunda -feira, 31 de mar\u00e7o<\/b><\/span> <\/h5>\n<li><span> <b>Uma noite com Ted Neeley e Jesus Cristo Superstar<\/b> Alian\u00e7a para as Artes, 10091 McGregor Blvd, Fort Myers <\/span><br \/>18:00 <\/li>\n<\/ul>\n<p> <em>Perdemos algo em nosso calend\u00e1rio? <a href=\"https:\/\/patch.com\/florida\/fort-myers\/compose\/event\">Adicione um evento voc\u00ea mesmo<\/a>! <\/em> Como sempre, antes de participar, confirme os detalhes do evento para garantir a precis\u00e3o. <\/p>\n<hr\/>\n<p><em>Quer um link para o seu neg\u00f3cio neste boletim informativo? <a href=\"https:\/\/patch.com\/florida\/fort-myers\/compose\/bizpost\">Clique aqui<\/a>.<\/em><\/p>\n<hr\/>\n<p>\ud83d\udd28 <strong>Precisa de ajuda com um projeto em casa?<\/strong> A Patch fez uma parceria com a Thumbtack para tornar a contrata\u00e7\u00e3o de um profissional local de confian\u00e7a r\u00e1pido e f\u00e1cil. <a href=\"https:\/\/patch.com\/florida\/fort-myers\/businesses\" target=\"_blank\">Clique aqui para come\u00e7ar.<\/a><\/p>\n<hr\/>\n<h4>\ud83d\udcac <strong>Conversa<\/strong><\/h4>\n<p>O que seus vizinhos est\u00e3o falando nas m\u00eddias sociais<\/p>\n<\/div>\n<div>\n<ul>\n<li><b>Eu estava em Sanibel h\u00e1 algumas semanas e, enquanto bombardeia em Turner Beach.<\/b> <br \/>Encontrei um lindo colar. Eu sei que isso provavelmente \u00e9 um tiro no escuro, mas se algu\u00e9m perdeu um colar l\u00e1, descreva -o e espero poder conseguir &#8230; (<a href=\"https:\/\/nextdoor.com\/p\/zc4sYP-YxCyP\/?from_partner=patch&#038;share_id=zc4sYP-YxCyP&#038;utm_medium=public_api&#038;utm_source=patch&#038;utm_content=zc4sYP-YxCyP&#038;next_url=\/p\/zc4sYP-YxCyP&#038;utm_medium=email&#038;utm_campaign=pilot\" target=\"_blank\" rel=\"nofollow\">Nextdoor<\/a> Sail porto) <\/li>\n<li><b>A Preserve Rural de Buckingham \u00e9 o Condado de East Lee luta h\u00e1 mais de 3 anos para proteger uma parcela vaga de 129 acres de desenvolvimento e preservar esta bela propriedade para as gera\u00e7\u00f5es futuras e toda a vida selvagem e plantas e \u00e1rvores nativas<\/b> <br \/>Isso chama de lar. O Comit\u00ea de Conserva\u00e7\u00e3o de 20\/20 votou por unanimidade compr\u00e1 -lo para conserva\u00e7\u00e3o e usar nossos d\u00f3lares de impostos do condado de Lee que pagamos &#8230; (<a href=\"https:\/\/nextdoor.com\/p\/fcR5pngpbksG\/?from_partner=patch&#038;share_id=fcR5pngpbksG&#038;utm_medium=public_api&#038;utm_source=patch&#038;utm_content=fcR5pngpbksG&#038;next_url=\/p\/fcR5pngpbksG&#038;utm_medium=email&#038;utm_campaign=pilot\" target=\"_blank\" rel=\"nofollow\">Nextdoor<\/a> River Grove Estates) <\/li>\n<\/ul>\n<ul>\n<li>  Gartner postou uma abertura de emprego para <strong>Gerente Sr., Gerente de Portf\u00f3lio Global<\/strong> em Fort Myers. Aplicar <a href=\"https:\/\/b.jobcase.com\/l\/f\/a\/get_job.fsn?token=QugnYdsGNa6qef%2BmEnwDWmFrgjpMTjjgxseWYXcgGsRryKQXs8oePl82VCf0rA3wKYxoA4zqFFfE2PKnhIMpkl6en6mEX3pxO%2BNzTuS496h0W%2B6lTi8mC4pCRznc6cevhrXNXJoCi6Dj7pbnFHzwTZzWX1ZK1JYwPUqTWI0RsR0EbkOkWCEr%2FaW6orl27%2Bxknfg6QKtNgydha%2BoRz1DrrBjR7exL0Xpu6omCQpfGvMN9ecsVQJbHaMQrEcWuoXwAPA16PIzTuZs0DzHzQz9Bn4Iv8VTWUdnUMrvhzyWEukMYiqinrt6D9AiEVm7Yp5yjdIioiImeQjx3gW7PwjUGAQft%2BAqSie0jzWiiANOhIWIzu6qj8Ni4LiSKmUPvNEyjaqPEt7QfqNKiA%2BcnVJvjNB3OpGszU%2BWiDV4T647RkCQTdJhy1vngDZiF%2B6ZylocwALLt4zM5npCouKIJCSYajZrbUTCvMQ%2FFY1tkcG4Ud1%2FWi7ougs1Q3PCNg5YTn%2Flj&#038;pcid=%7BPCID%7D\" target=\"_blank\" rel=\"nofollow\">aqui.<\/a><\/li>\n<li>  Chico&#8217;s Fas, Inc. &#8211; O varejo publicou uma abertura de emprego para <strong>Gerente de loja assistente &#8211; Mercado Negro da Casa Branca<\/strong> em Fort Myers. Aplicar <a href=\"https:\/\/b.jobcase.com\/l\/f\/a\/get_job.fsn?token=pn73cbNfs2e7C0Vg2e5ul2FrgjpMTjjgxseWYXcgGsRryKQXs8oePl82VCf0rA3wKYxoA4zqFFdifMxQA4TvRl6en6mEX3pxNoRJX8fvU9fGS2qXVDYgk4pCRznc6cevhrXNXJoCi6Dj7pbnFHzwTZzWX1ZK1JYwPUqTWI0RsR0EbkOkWCEr%2FaW6orl27%2Bxknfg6QKtNgydha%2BoRz1DrrBjR7exL0Xpu6omCQpfGvMN9ecsVQJbHaMQrEcWuoXwAPA16PIzTuZs0DzHzQz9Bn4Iv8VTWUdnUMrvhzyWEukMYiqinrt6D9AiEVm7Yp5yjdIioiImeQjx3gW7PwjUGAQft%2BAqSie0jzWiiANOhIWIzu6qj8Ni4LiSKmUPvNEyjaqPEt7QfqNKiA%2BcnVJvjNB3OpGszU%2BWiDV4T647RkCSjC2LyGzxLV3c%2BJGKP449P1v7BACC%2FKzd8T3cDwrizyfJr2HcS%2BcZPR0uPCjlNnDg3%2Bf5fLsl%2BEw%3D%3D&#038;pcid=%7BPCID%7D\" target=\"_blank\" rel=\"nofollow\">aqui.<\/a> Voc\u00ea pode procurar outros empregos perto de Fort Myers <a href=\"https:\/\/jobs.patch.com\/search?keyword=*&#038;location=Fort%20Myers,%20FL&#038;radius_mi=20&#038;utm_source=patcham\" target=\"_blank\" rel=\"nofollow\"><b>aqui.<\/b><\/a><\/li>\n<\/ul>\n<hr\/>\n<p> <b>Ok Fort Myers!<\/b> Ent\u00e3o agora voc\u00ea est\u00e1 no circuito sobre o que est\u00e1 acontecendo hoje. Obrigado pela leitura, e vejo voc\u00ea na sua caixa de entrada na pr\u00f3xima vez! Oh &#8211; e se voc\u00ea gosta do que est\u00e1 lendo, <strong><a href=\"http:\/\/patch.com\/florida\/fort-myers\/mailto:?subject=You%20need%20this%20for%20your%20town&#038;body=Hey%21%0A%0AI%20get%20an%20amazing%20email%20newsletter%20from%20Patch%20that%20keeps%20me%20in%20the%20loop%20about%20what%27s%20happening%20in%20Fort%20Myers.%20They%E2%80%99ve%20got%20newsletters%20for%20every%20community%20in%20the%20United%20States%20%E2%80%94%20and%20they%27re%20free%21%0A%0AYou%20can%20sign%20up%20for%20any%20%28or%20every%21%29%20town%20you%20care%20about%20%E2%80%94%20just%20click%20the%20link%20below.%20Check%20it%20out%2C%20and%20let%20me%20know%20what%20you%20think%21%0A%0Ahttps%3A%2F%2Fpatch.com%0A\">Convide um amigo para corrigir am!<\/a><\/strong> <\/p>\n<p> <b>&#8211; A equipe do patch am<\/b> <\/p>\n<p>  PS A resposta para o enigma de hoje: <em>Uma bola de aves.<\/em><br \/>Tem um bom enigma para patcham? <a href=\"http:\/\/patch.com\/florida\/fort-myers\/mailto:patchamfeedback+riddles@patch.com?subject=Riddle%20Suggestion\">Envie para n\u00f3s!<\/a> <\/p>\n<hr\/>\n<h4>\ud83d\udc49 <strong>Ajude a fazer o patch sou melhor<\/strong><\/h4>\n<hr\/>\n<p> <a href=\"https:\/\/nextdoor.com\/sharekit\/?source=Fort%20Myers%20Patch%20AM&#038;body=Catch+up+on+what+you+need+to+know+from+the+Fort+Myers+Patch+AM+daily+update%3A+https%3A%2F%2Fpatch.com%2Fflorida%2Ffort-myers&#038;utm_source=patch&#038;utm_medium=email&#038;utm_campaign=pilot\" target=\"_blank\" class=\"text-weight-bold text-green-8 sans\">Compartilhe para Nextdoor<\/a>     <a href=\"https:\/\/www.facebook.com\/share.php?u=https:\/\/patch.com\/florida\/fort-myers&#038;title=Catch+up+on+what+you+need+to+know+from+the+Fort+Myers+Patch+AM+daily+update%3A+https%3A%2F%2Fpatch.com%2Fflorida%2Ffort-myers\" target=\"_blank\" class=\"text-weight-bold text-light-blue-10 sans\">Compartilhe no Facebook<\/a><\/p>\n<\/div>\n<p><br \/>\n<br \/><a href=\"http:\/\/patch.com\/florida\/fort-myers\/empowering-autistic-adults-fort-myers-nodx-20250329?utm_source=article-mostrecent&#038;utm_medium=rss&#038;utm_term=community%20corner&#038;utm_campaign=recirc&#038;utm_content=aol\">Source link <\/a><\/p>","protected":false},"excerpt":{"rendered":"<p>Oi Fort Myers! Temos o \u00faltimo burburinho aqui. Vamos mant\u00ea -lo no loop e come\u00e7ar esta manh\u00e3 certo! \u2600\ufe0f No boletim informativo de hoje: Capacitando adultos autistas em Fort Myers&hellip;<\/p>","protected":false},"author":1,"featured_media":71100,"comment_status":"closed","ping_status":"open","sticky":false,"template":"","format":"standard","meta":{"content-type":"","footnotes":""},"categories":[1],"tags":[],"class_list":["post-114867","post","type-post","status-publish","format-standard","has-post-thumbnail","hentry","category-uncategorized"],"_links":{"self":[{"href":"https:\/\/tvbrazilusa.com\/pt\/wp-json\/wp\/v2\/posts\/114867","targetHints":{"allow":["GET"]}}],"collection":[{"href":"https:\/\/tvbrazilusa.com\/pt\/wp-json\/wp\/v2\/posts"}],"about":[{"href":"https:\/\/tvbrazilusa.com\/pt\/wp-json\/wp\/v2\/types\/post"}],"author":[{"embeddable":true,"href":"https:\/\/tvbrazilusa.com\/pt\/wp-json\/wp\/v2\/users\/1"}],"replies":[{"embeddable":true,"href":"https:\/\/tvbrazilusa.com\/pt\/wp-json\/wp\/v2\/comments?post=114867"}],"version-history":[{"count":1,"href":"https:\/\/tvbrazilusa.com\/pt\/wp-json\/wp\/v2\/posts\/114867\/revisions"}],"predecessor-version":[{"id":114868,"href":"https:\/\/tvbrazilusa.com\/pt\/wp-json\/wp\/v2\/posts\/114867\/revisions\/114868"}],"wp:featuredmedia":[{"embeddable":true,"href":"https:\/\/tvbrazilusa.com\/pt\/wp-json\/wp\/v2\/media\/71100"}],"wp:attachment":[{"href":"https:\/\/tvbrazilusa.com\/pt\/wp-json\/wp\/v2\/media?parent=114867"}],"wp:term":[{"taxonomy":"category","embeddable":true,"href":"https:\/\/tvbrazilusa.com\/pt\/wp-json\/wp\/v2\/categories?post=114867"},{"taxonomy":"post_tag","embeddable":true,"href":"https:\/\/tvbrazilusa.com\/pt\/wp-json\/wp\/v2\/tags?post=114867"}],"curies":[{"name":"wp","href":"https:\/\/api.w.org\/{rel}","templated":true}]}}