{"id":114884,"date":"2025-03-29T10:41:30","date_gmt":"2025-03-29T10:41:30","guid":{"rendered":"https:\/\/tvbrazilusa.com\/2025\/03\/29\/opiniao-folha-decisao-do-mec-de-nao-divulgar-dados-e-indefensavel\/"},"modified":"2025-03-29T10:41:32","modified_gmt":"2025-03-29T10:41:32","slug":"opiniao-folha-decisao-do-mec-de-nao-divulgar-dados-e-indefensavel","status":"publish","type":"post","link":"https:\/\/tvbrazilusa.com\/pt\/2025\/03\/29\/opiniao-folha-decisao-do-mec-de-nao-divulgar-dados-e-indefensavel\/","title":{"rendered":"OPINI\u00c3O FOLHA: Decis\u00e3o do MEC de n\u00e3o divulgar dados \u00e9 indefens\u00e1vel"},"content":{"rendered":"<p> <script async src=\"https:\/\/pagead2.googlesyndication.com\/pagead\/js\/adsbygoogle.js?client=ca-pub-8864793242727901\"\r\n     crossorigin=\"anonymous\"><\/script><br \/>\n<\/p>\n<div id=\"taboola-read-more\" style=\"display:block; width:100%\">\n<p>Um governo que n\u00e3o publica dados produzidos por seus \u00f3rg\u00e3os de pesquisa n\u00e3o s\u00f3 infringe o princ\u00edpio da transpar\u00eancia, que deve reger a administra\u00e7\u00e3o p\u00fablica, como cria desconfian\u00e7a na sociedade, que passa a cogitar motiva\u00e7\u00e3o pol\u00edtica para tal omiss\u00e3o.\n<\/p>\n<p>Pois foi o que fez, na gest\u00e3o de Luiz In\u00e1cio Lula da Silva (PT), o Minist\u00e9rio da Educa\u00e7\u00e3o, que engavetou os resultados do 2\u00ba ano do ensino fundamental da \u00faltima edi\u00e7\u00e3o do Sistema de Avalia\u00e7\u00e3o da Educa\u00e7\u00e3o B\u00e1sica (Saeb).<\/p>\n<p>A cada dois anos, provas de portugu\u00eas e matem\u00e1tica s\u00e3o aplicadas a alunos do 5\u00ba e 9\u00ba ano do ensino fundamental e 3\u00ba ano do m\u00e9dio em todas as escolas p\u00fablicas e numa amostra da rede privada. Os dom\u00ednios de portugu\u00eas no 2\u00ba ano e de ci\u00eancias no 5\u00ba e 9\u00ba do fundamental tamb\u00e9m s\u00e3o medidos por meio de amostragem.\n<\/p>\n<p>O Saeb e as taxas de aprova\u00e7\u00e3o escolar comp\u00f5em o \u00cdndice de Desenvolvimento da Educa\u00e7\u00e3o B\u00e1sica (Ideb), que \u00e9 calculado regularmente pelo Instituto Nacional de Estudos Educacionais (Inep), \u00f3rg\u00e3o ligado ao MEC.\n<\/p>\n<p>Em agosto do ano passado, durante a divulga\u00e7\u00e3o do Ideb, os mesmos n\u00fameros do 2\u00ba ano da etapa fundamental n\u00e3o foram divulgados, mas havia uma proje\u00e7\u00e3o de que, futuramente, seriam.\n<\/p>\n<p>Mas, segundo of\u00edcio do Inep obtido pela Folha, decidiu-se de modo in\u00e9dito que os brasileiros n\u00e3o ter\u00e3o acesso \u00e0s informa\u00e7\u00f5es, que ajudam a compor o cen\u00e1rio da alfabetiza\u00e7\u00e3o no pa\u00eds \u2014alunos do 2\u00ba ano devem saber ler e escrever.\n<\/p>\n<p>Apura\u00e7\u00e3o da reportagem revelou ind\u00edcios de que a oculta\u00e7\u00e3o poderia estar relacionada a discrep\u00e2ncias entre as notas do Saeb e de outro recurso de avalia\u00e7\u00e3o usado pelo governo federal.\n<\/p>\n<p>Em maio de 2024, o ministro da Educa\u00e7\u00e3o, Camilo Santana, anunciou com pompa que a alfabetiza\u00e7\u00e3o havia avan\u00e7ado no pa\u00eds devido a a\u00e7\u00f5es da gest\u00e3o petista.\n<\/p>\n<p>A fala n\u00e3o foi respaldada por dados do Saeb, mas por provas aplicadas pelos estados no fim de 2023, cujos resultados foram parametrizados e comparados com o Saeb \u2014m\u00e9todo que teria sido criticado por t\u00e9cnicos do Inep.\n<\/p>\n<p>Para piorar, at\u00e9 novembro de 2023, nenhum centavo previsto para o programa federal Compromisso Nacional Crian\u00e7a Alfabetizada fora empenhado.\n<\/p>\n<p>Resta claro que o MEC precisa botar ordem na casa e resolver problemas que indicam gest\u00e3o de dados prec\u00e1ria. N\u00e3o h\u00e1 avan\u00e7o em educa\u00e7\u00e3o sem diagn\u00f3stico preciso de aprendizagem que esteja aberto ao escrut\u00ednio da opini\u00e3o p\u00fablica e de especialistas.\n<\/p>\n<p>Sem isso, torna-se mais dif\u00edcil criar pol\u00edticas eficientes e alocar recursos em setores do ensino e regi\u00f5es do pa\u00eds mais sens\u00edveis.\n<\/p>\n<p>Na mais recente edi\u00e7\u00e3o do maior exame internacional de alfabetiza\u00e7\u00e3o (Pirls), divulgada em 2023, dentre as 65 na\u00e7\u00f5es avaliadas em 2021, o Brasil ficou \u00e0 frente apenas de Ir\u00e3, Jord\u00e2nia, Egito, Marrocos e \u00c1frica do Sul.\n<\/p>\n<p>O governo Lula faria melhor se parasse de brigar com os n\u00fameros e come\u00e7asse a atuar na pr\u00e1tica para modific\u00e1-los.\n<\/p>\n<p>Fonte: Folha de S. Paulo              <\/p>\n<\/div>\n<p><br \/>\n<br \/><a href=\"https:\/\/diariodobrasilnoticias.com.br\/noticia\/opiniao-folha-decisao-do-mec-de-nao-divulgar-dados-e-indefensavel-67e7c0c306073\">Source link <\/a><\/p>","protected":false},"excerpt":{"rendered":"<p>Um governo que n\u00e3o publica dados produzidos por seus \u00f3rg\u00e3os de pesquisa n\u00e3o s\u00f3 infringe o princ\u00edpio da transpar\u00eancia, que deve reger a administra\u00e7\u00e3o p\u00fablica, como cria desconfian\u00e7a na sociedade,&hellip;<\/p>","protected":false},"author":1,"featured_media":114885,"comment_status":"closed","ping_status":"open","sticky":false,"template":"","format":"standard","meta":{"content-type":"","footnotes":""},"categories":[16],"tags":[123,2448,5313,1267],"class_list":["post-114884","post","type-post","status-publish","format-standard","has-post-thumbnail","hentry","category-noticias","tag-brasil","tag-diario","tag-noticia","tag-noticias"],"_links":{"self":[{"href":"https:\/\/tvbrazilusa.com\/pt\/wp-json\/wp\/v2\/posts\/114884","targetHints":{"allow":["GET"]}}],"collection":[{"href":"https:\/\/tvbrazilusa.com\/pt\/wp-json\/wp\/v2\/posts"}],"about":[{"href":"https:\/\/tvbrazilusa.com\/pt\/wp-json\/wp\/v2\/types\/post"}],"author":[{"embeddable":true,"href":"https:\/\/tvbrazilusa.com\/pt\/wp-json\/wp\/v2\/users\/1"}],"replies":[{"embeddable":true,"href":"https:\/\/tvbrazilusa.com\/pt\/wp-json\/wp\/v2\/comments?post=114884"}],"version-history":[{"count":1,"href":"https:\/\/tvbrazilusa.com\/pt\/wp-json\/wp\/v2\/posts\/114884\/revisions"}],"predecessor-version":[{"id":114886,"href":"https:\/\/tvbrazilusa.com\/pt\/wp-json\/wp\/v2\/posts\/114884\/revisions\/114886"}],"wp:featuredmedia":[{"embeddable":true,"href":"https:\/\/tvbrazilusa.com\/pt\/wp-json\/wp\/v2\/media\/114885"}],"wp:attachment":[{"href":"https:\/\/tvbrazilusa.com\/pt\/wp-json\/wp\/v2\/media?parent=114884"}],"wp:term":[{"taxonomy":"category","embeddable":true,"href":"https:\/\/tvbrazilusa.com\/pt\/wp-json\/wp\/v2\/categories?post=114884"},{"taxonomy":"post_tag","embeddable":true,"href":"https:\/\/tvbrazilusa.com\/pt\/wp-json\/wp\/v2\/tags?post=114884"}],"curies":[{"name":"wp","href":"https:\/\/api.w.org\/{rel}","templated":true}]}}