{"id":115167,"date":"2025-03-30T13:43:13","date_gmt":"2025-03-30T13:43:13","guid":{"rendered":"https:\/\/tvbrazilusa.com\/2025\/03\/30\/jovem-missionaria-detida-em-2023-pelo-8-de-janeiro-esta-esquecida-em-presidio-do-maranhao\/"},"modified":"2025-03-30T13:43:14","modified_gmt":"2025-03-30T13:43:14","slug":"jovem-missionaria-detida-em-2023-pelo-8-de-janeiro-esta-esquecida-em-presidio-do-maranhao","status":"publish","type":"post","link":"https:\/\/tvbrazilusa.com\/pt\/2025\/03\/30\/jovem-missionaria-detida-em-2023-pelo-8-de-janeiro-esta-esquecida-em-presidio-do-maranhao\/","title":{"rendered":"Jovem mission\u00e1ria detida em 2023 pelo 8 de janeiro est\u00e1 &#8216;esquecida&#8217; em pres\u00eddio do Maranh\u00e3o"},"content":{"rendered":"<p> <script async src=\"https:\/\/pagead2.googlesyndication.com\/pagead\/js\/adsbygoogle.js?client=ca-pub-8864793242727901\"\r\n     crossorigin=\"anonymous\"><\/script><br \/>\n<\/p>\n<div id=\"taboola-read-more\" style=\"display:block; width:100%\">\n<p>A manicure Eliene Amorim de Jesus, de 28 anos, natural do interior do Maranh\u00e3o, segue detida no Complexo Penitenci\u00e1rio de Pedrinhas, em S\u00e3o Lu\u00eds, sob acusa\u00e7\u00e3o de envolvimento nos atos de 8 de janeiro de 2023.\n<\/p>\n<p>Sua pris\u00e3o ocorreu em mar\u00e7o daquele ano, na quitinete onde residia no bairro Angelim, na capital maranhense.<\/p>\n<p>Segundo informa\u00e7\u00f5es divulgadas pelo jornalista Jos\u00e9 Linhares J\u00fanior, n\u00e3o h\u00e1 evid\u00eancias diretas que comprovem a participa\u00e7\u00e3o ativa de Eliene na depreda\u00e7\u00e3o de patrim\u00f4nio p\u00fablico ou na organiza\u00e7\u00e3o dos atos em Bras\u00edlia.\n<\/p>\n<p>Eliene tamb\u00e9m era estudante de psicologia e mission\u00e1ria da Assembleia de Deus Campo Miracema (IADER\/Tur\u00fa). Um dos pontos levantados contra ela \u00e9 a publica\u00e7\u00e3o de um stories em que mencionava a experi\u00eancia de escrever um livro sobre os acontecimentos.\n<\/p>\n<p>Testemunhas afirmam que ela estava do lado de fora do Pal\u00e1cio do Planalto no dia dos ataques. A oitiva das testemunhas indicadas pela defesa de Eliene e seu interrogat\u00f3rio est\u00e3o marcados para o dia 3 de abril.\n<\/p>\n<p><strong>A hist\u00f3ria da mission\u00e1ria presa pelo 8 de janeiro<\/strong>\n<\/p>\n<p>Com 15 anos, Eliene deixou o povoado de Torozinho, em Turia\u00e7u, para tentar a vida em S\u00e3o Lu\u00eds. L\u00e1, trabalhou como dom\u00e9stica, bab\u00e1, auxiliar de creche e manicure.\n<\/p>\n<p>Quase dois meses depois dos atos de 8 de janeiro, foi presa em flagrante e enviada ao Complexo Penitenci\u00e1rio de Pedrinhas, mesmo sem antecedentes criminais. Permanece na cela B9 do bloco B da unidade feminina.\n<\/p>\n<p>Antes da pris\u00e3o, estudava psicologia na Edufor, pagando o curso com seu trabalho como manicure. Interessada nos protestos, decidiu acompanhar os acampamentos em frente a quart\u00e9is para escrever um livro sobre o tema.\n<\/p>\n<p>A Pol\u00edcia Federal apreendeu seu celular, que continha fotos comprovando sua pesquisa, mas isso n\u00e3o evitou sua deten\u00e7\u00e3o. Em 6 de janeiro de 2023, viajou para Bras\u00edlia com dois rapazes que conheceu nos acampamentos.\n<\/p>\n<p>Comprou suas passagens e foi registrada apenas com um caderno e uma caneta, anotando tudo. Depois dos tumultos, voltou ao Maranh\u00e3o e seguiu sua rotina at\u00e9 ser presa dois meses depois. Os dois rapazes que viajaram com ela n\u00e3o foram detidos.\n<\/p>\n<p><strong>Visitas foram restritas por Moraes<\/strong>\n<\/p>\n<p>Desde sua pris\u00e3o, Eliene tem enfrentado in\u00fameras dificuldades. Suas visitas foram restritas pelo ministro Alexandre de Moraes, permitindo apenas familiares e advogados.\n<\/p>\n<p>No entanto, sua fam\u00edlia, que ainda vive em Torozinho, n\u00e3o tem condi\u00e7\u00f5es financeiras para viajar regularmente a S\u00e3o Lu\u00eds. De acordo com o v\u00eddeo publicado por Jos\u00e9 Linhares J\u00fanior, at\u00e9 poucos meses atr\u00e1s, Eliene sequer sabia exatamente quais eram as acusa\u00e7\u00f5es contra ela.\n<\/p>\n<p>A fam\u00edlia de Eliene foi contatada pela equipe de Oeste, mas optou por n\u00e3o conceder entrevistas.\n<\/p>\n<p>Fonte: Revista Oeste              <\/p>\n<\/div>\n<p><br \/>\n<br \/><a href=\"https:\/\/diariodobrasilnoticias.com.br\/noticia\/jovem-missionaria-detida-em-2023-pelo-8-de-janeiro-esta-esquecida-em-presidio-do-maranhao-67e93839b3fff\">Source link <\/a><\/p>","protected":false},"excerpt":{"rendered":"<p>A manicure Eliene Amorim de Jesus, de 28 anos, natural do interior do Maranh\u00e3o, segue detida no Complexo Penitenci\u00e1rio de Pedrinhas, em S\u00e3o Lu\u00eds, sob acusa\u00e7\u00e3o de envolvimento nos atos&hellip;<\/p>","protected":false},"author":1,"featured_media":115168,"comment_status":"closed","ping_status":"open","sticky":false,"template":"","format":"standard","meta":{"content-type":"","footnotes":""},"categories":[16],"tags":[123,2448,5313,1267],"class_list":["post-115167","post","type-post","status-publish","format-standard","has-post-thumbnail","hentry","category-noticias","tag-brasil","tag-diario","tag-noticia","tag-noticias"],"_links":{"self":[{"href":"https:\/\/tvbrazilusa.com\/pt\/wp-json\/wp\/v2\/posts\/115167","targetHints":{"allow":["GET"]}}],"collection":[{"href":"https:\/\/tvbrazilusa.com\/pt\/wp-json\/wp\/v2\/posts"}],"about":[{"href":"https:\/\/tvbrazilusa.com\/pt\/wp-json\/wp\/v2\/types\/post"}],"author":[{"embeddable":true,"href":"https:\/\/tvbrazilusa.com\/pt\/wp-json\/wp\/v2\/users\/1"}],"replies":[{"embeddable":true,"href":"https:\/\/tvbrazilusa.com\/pt\/wp-json\/wp\/v2\/comments?post=115167"}],"version-history":[{"count":1,"href":"https:\/\/tvbrazilusa.com\/pt\/wp-json\/wp\/v2\/posts\/115167\/revisions"}],"predecessor-version":[{"id":115169,"href":"https:\/\/tvbrazilusa.com\/pt\/wp-json\/wp\/v2\/posts\/115167\/revisions\/115169"}],"wp:featuredmedia":[{"embeddable":true,"href":"https:\/\/tvbrazilusa.com\/pt\/wp-json\/wp\/v2\/media\/115168"}],"wp:attachment":[{"href":"https:\/\/tvbrazilusa.com\/pt\/wp-json\/wp\/v2\/media?parent=115167"}],"wp:term":[{"taxonomy":"category","embeddable":true,"href":"https:\/\/tvbrazilusa.com\/pt\/wp-json\/wp\/v2\/categories?post=115167"},{"taxonomy":"post_tag","embeddable":true,"href":"https:\/\/tvbrazilusa.com\/pt\/wp-json\/wp\/v2\/tags?post=115167"}],"curies":[{"name":"wp","href":"https:\/\/api.w.org\/{rel}","templated":true}]}}