{"id":115202,"date":"2025-03-30T15:16:29","date_gmt":"2025-03-30T15:16:29","guid":{"rendered":"https:\/\/tvbrazilusa.com\/2025\/03\/30\/narcotrafico-aliado-de-pablo-escobar-volta-a-colombia-depois-de-38-anos-e-e-preso\/"},"modified":"2025-03-30T15:16:32","modified_gmt":"2025-03-30T15:16:32","slug":"narcotrafico-aliado-de-pablo-escobar-volta-a-colombia-depois-de-38-anos-e-e-preso","status":"publish","type":"post","link":"https:\/\/tvbrazilusa.com\/pt\/2025\/03\/30\/narcotrafico-aliado-de-pablo-escobar-volta-a-colombia-depois-de-38-anos-e-e-preso\/","title":{"rendered":"Narcotr\u00e1fico: Aliado de Pablo Escobar volta \u00e0 Col\u00f4mbia depois de 38 anos e \u00e9 preso"},"content":{"rendered":"<p> <script async src=\"https:\/\/pagead2.googlesyndication.com\/pagead\/js\/adsbygoogle.js?client=ca-pub-8864793242727901\"\r\n     crossorigin=\"anonymous\"><\/script><br \/>\n<\/p>\n<div id=\"taboola-read-more\" style=\"display:block; width:100%\">\n<p>A \u00faltima vez que o ex-chefe do narcotr\u00e1fico Carlos Lehder Rivas saiu da Col\u00f4mbia, h\u00e1 quase quatro d\u00e9cadas, estava escoltado pela pol\u00edcia. E seu retorno ao pa\u00eds na tarde de sexta-feira (28\/3) teve um desfecho semelhante.\n<\/p>\n<p>O antigo narcotraficante, um dos l\u00edderes do extinto Cartel de Medell\u00edn ao lado de Pablo Escobar, foi detido na sexta-feira pelas autoridades colombianas ao chegar ao pa\u00eds vindo da Alemanha.<\/p>\n<p>O chefe da Pol\u00edcia Nacional, Carlos Fernando Triana, afirmou em sua conta no X que Lehder foi transferido na noite de sexta-feira para uma unidade policial em Bogot\u00e1 &#8220;para verificar sua situa\u00e7\u00e3o judicial&#8221;.\n<\/p>\n<p>Anteriormente, o Servi\u00e7o de Imigra\u00e7\u00e3o da Col\u00f4mbia informou que o ex-chefe do tr\u00e1fico, de 75 anos, chegou a Bogot\u00e1 em um voo procedente de Frankfurt, na Alemanha, e que havia uma &#8220;ordem de captura vigente&#8221; contra ele.\n<\/p>\n<p>At\u00e9 este s\u00e1bado (29\/3), as autoridades n\u00e3o haviam divulgado mais informa\u00e7\u00f5es sobre sua situa\u00e7\u00e3o. Sua advogada, Sondra McCollins, disse \u00e0 imprensa local que seu cliente n\u00e3o tem nenhum processo judicial em aberto e que espera que ele seja libertado em breve.\n<\/p>\n<p>Em 1987, Lehder foi preso pelas autoridades colombianas e extraditado para os Estados Unidos, onde foi condenado a 135 anos de pris\u00e3o por tr\u00e1fico de coca\u00edna.\n<\/p>\n<p>A senten\u00e7a foi reduzida em 55 anos depois que Lehder concordou em testemunhar contra o ex-l\u00edder militar e ditador do Panam\u00e1, Manuel Antonio Noriega.\n<\/p>\n<p>Ele foi libertado em 2020 nos EUA devido ao agravamento de sua sa\u00fade. Mudou-se para a Alemanha, onde possui cidadania por sua ascend\u00eancia paterna.\n<\/p>\n<p>Inicialmente, Lehder havia solicitado ao Estado colombiano que lhe permitisse viver em liberdade ap\u00f3s cumprir sua pena nos EUA, onde passou a maior parte do tempo preso em isolamento, sem visitas e sem liga\u00e7\u00f5es.\n<\/p>\n<p>Como n\u00e3o conseguiu essa permiss\u00e3o, optou por ir para a Alemanha, onde tamb\u00e9m iniciou um tratamento para c\u00e2ncer de pr\u00f3stata.\n<\/p>\n<p><strong>Pe\u00e7a-chave do Cartel de Medell\u00edn<\/strong>\n<\/p>\n<p>A vida de Carlos Lehder deixou de seguir os padr\u00f5es considerados normais desde que seus pais se separaram, quando ele tinha 4 anos.\n<\/p>\n<p>Ele passou a inf\u00e2ncia em internatos colombianos e, aos 15 anos, viajou para Nova York, nos EUA, para viver a adolesc\u00eancia com outros familiares.\n<\/p>\n<p>Nos anos 1970, Lehder liderou uma rede de compra, venda e contrabando de carros roubados nos Estados Unidos, o que o levou \u00e0 pris\u00e3o em Connecticut.\n<\/p>\n<p>Assim que saiu, em 1975, come\u00e7ou a traficar maconha e coca\u00edna.\n<\/p>\n<p>Sua trajet\u00f3ria criminosa o levou a se aliar a Pablo Escobar, fornecendo ao ent\u00e3o nascente Cartel de Medell\u00edn o conhecimento necess\u00e1rio para ingressar e traficar no maior mercado consumidor de drogas do mundo: os Estados Unidos.\n<\/p>\n<p>Em 1978, comprou e tomou posse de uma ilha nas Bahamas, que transformou em um ponto de passagem para avi\u00f5es vindos da Col\u00f4mbia carregados de maconha e, cada vez mais, coca\u00edna.\n<\/p>\n<p>Nas biografias, Lehder \u00e9 descrito como um homem com uma intelig\u00eancia acima da m\u00e9dia em compara\u00e7\u00e3o com outros narcotraficantes: falava tr\u00eas idiomas e se gabava de ter uma justificativa pol\u00edtica para suas atividades ilegais.\n<\/p>\n<p>Nacionalista e anti-imperialista, Lehder era um cr\u00edtico da pol\u00edtica dos Estados Unidos, mesmo lucrando com ela, especialmente com a proibi\u00e7\u00e3o e a guerra contra as drogas.\n<\/p>\n<p>Nos anos 1980, ele patrocinou um movimento pol\u00edtico de inspira\u00e7\u00e3o fascista e latino-americanista, fundou um jornal e criou um hotel rural chamado La Posada Alemana, que contava com dois le\u00f5es enjaulados e uma est\u00e1tua em tamanho real do ex-Beatle John Lennon nu.\n<\/p>\n<p><strong>&#8216;Mais lenda que realidade&#8217;<\/strong>\n<\/p>\n<p>Aos 37 anos, em 4 de fevereiro de 1987, Carlos Lehder foi capturado pelas autoridades durante uma festa em sua casa, na Col\u00f4mbia.\n<\/p>\n<p>H\u00e1 v\u00e1rias vers\u00f5es sobre sua captura.\n<\/p>\n<p>Uma delas diz que seu aliado, Pablo Escobar, o traiu e o delatou por causa de um relacionamento que Lehder teve com a parceira de um de seus sic\u00e1rios.\n<\/p>\n<p>Outra teoria sugere que Escobar estava preocupado com as conversas que Lehder supostamente mantinha com o governo para trocar informa\u00e7\u00f5es sobre guerrilheiros em troca de anistias.\n<\/p>\n<p>Uma terceira hip\u00f3tese aponta que a captura foi um mero acaso, durante uma festa interrompida pela pol\u00edcia.\n<\/p>\n<p>O que \u00e9 certo \u00e9 que, naquele mesmo 4 de fevereiro de 1987, Lehder se tornou o primeiro narcotraficante colombiano a ser extraditado para os Estados Unidos.\n<\/p>\n<p>Naquele momento, a extradi\u00e7\u00e3o era a principal causa de uma intensa guerra entre o Estado colombiano e os narcotraficantes, que se organizaram sob o nome de &#8220;Los Extraditables&#8221; e afirmavam preferir &#8220;uma tumba na Col\u00f4mbia a uma pris\u00e3o nos Estados Unidos&#8221;.\n<\/p>\n<p>Em 1991, em busca de uma paz negociada n\u00e3o apenas com os narcotraficantes, mas tamb\u00e9m com as guerrilhas, uma nova Constitui\u00e7\u00e3o aboliu a extradi\u00e7\u00e3o.\n<\/p>\n<p>Mas, \u00e0quela altura, Lehder j\u00e1 havia sido sentenciado a mais de um s\u00e9culo de pris\u00e3o nos Estados Unidos.\n<\/p>\n<p>&#8220;A lenda de Carlos \u00e9 muito maior do que o que realmente aconteceu&#8221;, disse um de seus advogados, \u00d3scar Arroyave, em uma entrevista \u00e0 BBC Mundo, o servi\u00e7o em espanho da BBC, em 2020.\n<\/p>\n<p>&#8220;Porque Carlos nunca traficou grandes quantidades de coca\u00edna; hoje se apreendem barcos com a mesma quantidade que Carlos traficou em toda sua carreira, e os culpados s\u00e3o condenados a penas que n\u00e3o ultrapassam 10 anos&#8221;, apontou.\n<\/p>\n<p>&#8220;Seu caso ficar\u00e1 na hist\u00f3ria como um exemplo do que as m\u00e1s decis\u00f5es de um governo e um sistema (judicial dos EUA) podem fazer, condenando todos os dias pessoas sem evid\u00eancias.&#8221;\n<\/p>\n<p>Lehder nunca se declarou culpado. Se o tivesse feito, poderia ter cumprido metade da pena na pris\u00e3o.\n<\/p>\n<p>Fonte: BBC              <\/p>\n<\/div>\n<p><br \/>\n<br \/><a href=\"https:\/\/diariodobrasilnoticias.com.br\/noticia\/narcotrafico-aliado-de-pablo-escobar-volta-a-colombia-depois-de-38-anos-e-e-preso-67e943ffa60ea\">Source link <\/a><\/p>","protected":false},"excerpt":{"rendered":"<p>A \u00faltima vez que o ex-chefe do narcotr\u00e1fico Carlos Lehder Rivas saiu da Col\u00f4mbia, h\u00e1 quase quatro d\u00e9cadas, estava escoltado pela pol\u00edcia. E seu retorno ao pa\u00eds na tarde de&hellip;<\/p>","protected":false},"author":1,"featured_media":115203,"comment_status":"closed","ping_status":"open","sticky":false,"template":"","format":"standard","meta":{"content-type":"","footnotes":""},"categories":[16],"tags":[123,2448,5313,1267],"class_list":["post-115202","post","type-post","status-publish","format-standard","has-post-thumbnail","hentry","category-noticias","tag-brasil","tag-diario","tag-noticia","tag-noticias"],"_links":{"self":[{"href":"https:\/\/tvbrazilusa.com\/pt\/wp-json\/wp\/v2\/posts\/115202","targetHints":{"allow":["GET"]}}],"collection":[{"href":"https:\/\/tvbrazilusa.com\/pt\/wp-json\/wp\/v2\/posts"}],"about":[{"href":"https:\/\/tvbrazilusa.com\/pt\/wp-json\/wp\/v2\/types\/post"}],"author":[{"embeddable":true,"href":"https:\/\/tvbrazilusa.com\/pt\/wp-json\/wp\/v2\/users\/1"}],"replies":[{"embeddable":true,"href":"https:\/\/tvbrazilusa.com\/pt\/wp-json\/wp\/v2\/comments?post=115202"}],"version-history":[{"count":1,"href":"https:\/\/tvbrazilusa.com\/pt\/wp-json\/wp\/v2\/posts\/115202\/revisions"}],"predecessor-version":[{"id":115204,"href":"https:\/\/tvbrazilusa.com\/pt\/wp-json\/wp\/v2\/posts\/115202\/revisions\/115204"}],"wp:featuredmedia":[{"embeddable":true,"href":"https:\/\/tvbrazilusa.com\/pt\/wp-json\/wp\/v2\/media\/115203"}],"wp:attachment":[{"href":"https:\/\/tvbrazilusa.com\/pt\/wp-json\/wp\/v2\/media?parent=115202"}],"wp:term":[{"taxonomy":"category","embeddable":true,"href":"https:\/\/tvbrazilusa.com\/pt\/wp-json\/wp\/v2\/categories?post=115202"},{"taxonomy":"post_tag","embeddable":true,"href":"https:\/\/tvbrazilusa.com\/pt\/wp-json\/wp\/v2\/tags?post=115202"}],"curies":[{"name":"wp","href":"https:\/\/api.w.org\/{rel}","templated":true}]}}