{"id":115205,"date":"2025-03-30T15:29:53","date_gmt":"2025-03-30T15:29:53","guid":{"rendered":"https:\/\/tvbrazilusa.com\/2025\/03\/30\/bolsonaro-tem-agenda-no-rn-com-visita-a-cidade-da-moda-oiticica-e-ao-seminario-do-rota-22-confira-a-agenda-completa\/"},"modified":"2025-03-30T15:29:55","modified_gmt":"2025-03-30T15:29:55","slug":"bolsonaro-tem-agenda-no-rn-com-visita-a-cidade-da-moda-oiticica-e-ao-seminario-do-rota-22-confira-a-agenda-completa","status":"publish","type":"post","link":"https:\/\/tvbrazilusa.com\/pt\/2025\/03\/30\/bolsonaro-tem-agenda-no-rn-com-visita-a-cidade-da-moda-oiticica-e-ao-seminario-do-rota-22-confira-a-agenda-completa\/","title":{"rendered":"Bolsonaro tem agenda no RN com visita \u00e0 Cidade da Moda, Oiticica e ao Semin\u00e1rio do Rota 22; confira a agenda completa"},"content":{"rendered":"<p> <script async src=\"https:\/\/pagead2.googlesyndication.com\/pagead\/js\/adsbygoogle.js?client=ca-pub-8864793242727901\"\r\n     crossorigin=\"anonymous\"><\/script><br \/>\n<\/p>\n<div id=\"taboola-read-more\" style=\"display:block; width:100%\">\n<p>O ex-presidente Jair Bolsonaro (PL-RJ) cumprir\u00e1 agenda no Rio Grande do Norte no m\u00eas de abril. Na sexta-feira (11), Bolsonaro estar\u00e1 \u00e0s 10h30 em Acari para conhecer a Cidade da Moda, em seguida vai a Jucurutu \u00e0s 12h30 para visitar a barragem de Oiticica e a Pau dos Ferros, \u00e0s 18 horas, para participar do primeiro semin\u00e1rio do Rota 22, quando vai debater e interagir com lideran\u00e7as locais, representantes de setores produtivos e gestores p\u00fablicos. No dia 12 de abril, o ex-presidente ainda ir\u00e1 em Major Sales, \u00e0s 8 horas, para visitar as obras do Ramal do Apodi.\n<\/p>\n<p>O Rota 22 estar\u00e1 em abril na regi\u00e3o do Alto Oeste, realizando suas primeiras oficinas no dia 02 em Luis Gomes, dia 3 em Encanto e dia 4 em Alexandria. No dia 11 haver\u00e1 o semin\u00e1rio em Pau dos Ferros. O semin\u00e1rio ter\u00e1 como objetivo consolidar as informa\u00e7\u00f5es discutidas nas oficinas e promover debates sobre desafios e oportunidades regionais. Dessa forma, a agenda do Rota 22 se configura como um espa\u00e7o de intera\u00e7\u00e3o direta entre o partido e os cidad\u00e3os, permitindo um debate qualificado sobre as pol\u00edticas p\u00fablicas que nortear\u00e3o o futuro do Rio Grande do Norte e do Brasil.<\/p>\n<p>A agenda completa das oficinas e semin\u00e1rios est\u00e1 no site plrota22.com.br. Mais informa\u00e7\u00f5es tamb\u00e9m est\u00e3o dispon\u00edveis nas redes sociais pelo @pl22rn ou @plnacional22. Quem preferir, pode receber informa\u00e7\u00f5es direto pelo canal de Whatsapp do Rota 22 no Rio Grande do Norte. Acesse: https:\/\/canal.plrota22.com.br\/ .\n<\/p>\n<p>Viabilizada com recursos do ex-presidente Jair Bolsonaro a Cidade da Moda em Acari contempla 10 galp\u00f5es, um centro de eventos, duas pra\u00e7as de conviv\u00eancia e salas multiuso. Especialistas do setor t\u00eaxtil acreditam que a Cidade da Moda se consolidar\u00e1 como um importante polo de produ\u00e7\u00e3o e valoriza\u00e7\u00e3o do segmento, com previs\u00e3o de movimentar R$ 8 milh\u00f5es anuais no Serid\u00f3.\n<\/p>\n<p>A Barragem de Oiticica recebeu grande impulso no governo Bolsonaro, que deixou a obra com 93% de sua execu\u00e7\u00e3o. A constru\u00e7\u00e3o do equipamento foi acelerada, especialmente, sob a gest\u00e3o de Rog\u00e9rio Marinho no Minist\u00e9rio do Desenvolvimento Regional.\n<\/p>\n<p>J\u00e1 o Ramal do Apodi, no munic\u00edpio de Major Sales, foi uma iniciativa do governo Jair Bolsonaro. Este \u00e9 o Trecho IV do Projeto de Integra\u00e7\u00e3o do Rio S\u00e3o Francisco com Bacias Hidrogr\u00e1ficas do Nordeste Setentrional (PISF).\n<\/p>\n<p>Grande Ponto\n<\/p>\n<p>Fonte: Blog do BG              <\/p>\n<\/div>\n<p><br \/>\n<br \/><a href=\"https:\/\/diariodobrasilnoticias.com.br\/noticia\/bolsonaro-tem-agenda-no-rn-com-visita-a-cidade-da-moda-oiticica-e-ao-seminario-do-rota-22-confira-a-agenda-completa-67e946f115ad4\">Source link <\/a><\/p>","protected":false},"excerpt":{"rendered":"<p>O ex-presidente Jair Bolsonaro (PL-RJ) cumprir\u00e1 agenda no Rio Grande do Norte no m\u00eas de abril. Na sexta-feira (11), Bolsonaro estar\u00e1 \u00e0s 10h30 em Acari para conhecer a Cidade da&hellip;<\/p>","protected":false},"author":1,"featured_media":115206,"comment_status":"closed","ping_status":"open","sticky":false,"template":"","format":"standard","meta":{"content-type":"","footnotes":""},"categories":[16],"tags":[123,2448,5313,1267],"class_list":["post-115205","post","type-post","status-publish","format-standard","has-post-thumbnail","hentry","category-noticias","tag-brasil","tag-diario","tag-noticia","tag-noticias"],"_links":{"self":[{"href":"https:\/\/tvbrazilusa.com\/pt\/wp-json\/wp\/v2\/posts\/115205","targetHints":{"allow":["GET"]}}],"collection":[{"href":"https:\/\/tvbrazilusa.com\/pt\/wp-json\/wp\/v2\/posts"}],"about":[{"href":"https:\/\/tvbrazilusa.com\/pt\/wp-json\/wp\/v2\/types\/post"}],"author":[{"embeddable":true,"href":"https:\/\/tvbrazilusa.com\/pt\/wp-json\/wp\/v2\/users\/1"}],"replies":[{"embeddable":true,"href":"https:\/\/tvbrazilusa.com\/pt\/wp-json\/wp\/v2\/comments?post=115205"}],"version-history":[{"count":1,"href":"https:\/\/tvbrazilusa.com\/pt\/wp-json\/wp\/v2\/posts\/115205\/revisions"}],"predecessor-version":[{"id":115207,"href":"https:\/\/tvbrazilusa.com\/pt\/wp-json\/wp\/v2\/posts\/115205\/revisions\/115207"}],"wp:featuredmedia":[{"embeddable":true,"href":"https:\/\/tvbrazilusa.com\/pt\/wp-json\/wp\/v2\/media\/115206"}],"wp:attachment":[{"href":"https:\/\/tvbrazilusa.com\/pt\/wp-json\/wp\/v2\/media?parent=115205"}],"wp:term":[{"taxonomy":"category","embeddable":true,"href":"https:\/\/tvbrazilusa.com\/pt\/wp-json\/wp\/v2\/categories?post=115205"},{"taxonomy":"post_tag","embeddable":true,"href":"https:\/\/tvbrazilusa.com\/pt\/wp-json\/wp\/v2\/tags?post=115205"}],"curies":[{"name":"wp","href":"https:\/\/api.w.org\/{rel}","templated":true}]}}