{"id":115208,"date":"2025-03-30T15:42:19","date_gmt":"2025-03-30T15:42:19","guid":{"rendered":"https:\/\/tvbrazilusa.com\/2025\/03\/30\/segundo-pesquisa-486-dos-entrevistados-acreditam-haver-perseguicao-a-bolsonaro-veja-mais-detalhes\/"},"modified":"2025-03-30T15:42:21","modified_gmt":"2025-03-30T15:42:21","slug":"segundo-pesquisa-486-dos-entrevistados-acreditam-haver-perseguicao-a-bolsonaro-veja-mais-detalhes","status":"publish","type":"post","link":"https:\/\/tvbrazilusa.com\/pt\/2025\/03\/30\/segundo-pesquisa-486-dos-entrevistados-acreditam-haver-perseguicao-a-bolsonaro-veja-mais-detalhes\/","title":{"rendered":"Segundo pesquisa, 48,6% dos entrevistados acreditam haver persegui\u00e7\u00e3o a Bolsonaro; veja mais detalhes"},"content":{"rendered":"<p> <script async src=\"https:\/\/pagead2.googlesyndication.com\/pagead\/js\/adsbygoogle.js?client=ca-pub-8864793242727901\"\r\n     crossorigin=\"anonymous\"><\/script><br \/>\n<\/p>\n<div id=\"taboola-read-more\" style=\"display:block; width:100%\">\n<p>Pesquisa AtlasIntel feita com exclusividade para o programa GPS CNN deste s\u00e1bado (29) aponta uma divis\u00e3o no eleitorado sobre temas referentes ao julgamento de Jair Bolsonaro (PL) pela Primeira Turma do Supremo Tribunal Federal (STF).\n<\/p>\n<p>Um dos levantamentos tratou da tese de persegui\u00e7\u00e3o pol\u00edtica que Bolsonaro adotou ap\u00f3s o julgamento: 49,9% acham que n\u00e3o h\u00e1 persegui\u00e7\u00e3o contra o ex-presidente; 48,6% dizem que h\u00e1 e 1,5% n\u00e3o soube responder.<\/p>\n<p>A divis\u00e3o ocorre tamb\u00e9m na avalia\u00e7\u00e3o do impacto do julgamento na pol\u00edtica brasileira: 49,9% consideram negativo; 49,4%, positivo; 0,5% disse que n\u00e3o ter\u00e1 impacto e 0,3% respondeu n\u00e3o saber.\n<\/p>\n<p><strong>Imparcialidade e parcialidade do STF<\/strong>\n<\/p>\n<p>Quando questionados se avaliam que o julgamento de Bolsonaro pelo STF ser\u00e1 imparcial, 50% acham que ser\u00e1 completamente imparcial; 41,5% acham que n\u00e3o, que os ministros s\u00e3o completamente enviesados. J\u00e1 4,4% dizem que os magistrados s\u00e3o menos imparciais do que deveriam e 4,1% n\u00e3o souberam responder.\n<\/p>\n<p>A Atlas tamb\u00e9m questionou sobre as penas dos r\u00e9us do 8 de janeiro. Para 51,7%, elas est\u00e3o sendo excessivas, 31,8% discordam e acham que as penas est\u00e3o sendo adequadas, 16,4% acham que as penas deveriam ter sido mais duras e apenas 0,1% n\u00e3o soube responder.\n<\/p>\n<p>O economista-chefe da AtlasIntel avalia que a polariza\u00e7\u00e3o apontada pela pesquisa demanda uma comunica\u00e7\u00e3o efetiva do julgamento.\n<\/p>\n<p>\u201cO caso das penas de pessoas condenadas pelo 08 de janeiro, especialmente a de D\u00e9bora Rodrigues \u2014 que pichou a est\u00e1tua da Justi\u00e7a \u2014, \u00e9 muito simb\u00f3lico. Uma maioria de quase 52% acreditam que as penas aplicadas t\u00eam sido exageradas\u201d, afirma Camilo Rabelo.\n<\/p>\n<p>\u201cA fundamenta\u00e7\u00e3o jur\u00eddica \u00e9 complexa e pode ser dif\u00edcil para uma parte consider\u00e1vel da popula\u00e7\u00e3o entender, mesmo entre os altamente escolarizados. Portanto, uma comunica\u00e7\u00e3o mais did\u00e1tica das decis\u00f5es e do embasamento poderia ser ben\u00e9fico nesta aproxima\u00e7\u00e3o com a popula\u00e7\u00e3o\u201d, afirma Rabelo.\n<\/p>\n<p>Para ele, \u201cnaturalmente a Justi\u00e7a n\u00e3o poder\u00e1 se pautar pela opini\u00e3o p\u00fablica, mas o caso \u00e9 um marco para a democracia brasileira e ter\u00e1 impactos na imagem e na confian\u00e7a dos brasileiros nas institui\u00e7\u00f5es democr\u00e1ticas\u201d.\n<\/p>\n<p>Para essa pesquisa, a AtlasIntel ouviu 1.613 pessoas entre os dias 25 e 27 de mar\u00e7o. A margem de erro \u00e9 de dois pontos percentuais, para mais ou para menos e o n\u00edvel de confian\u00e7a \u00e9 de 95%.\n<\/p>\n<p>Fonte: CNN\n              <\/p>\n<\/div>\n<p><br \/>\n<br \/><a href=\"https:\/\/diariodobrasilnoticias.com.br\/noticia\/segundo-pesquisa-48-6-dos-entrevistados-acreditam-haver-perseguicao-a-bolsonaro-veja-mais-detalhes-67e960307fc32\">Source link <\/a><\/p>","protected":false},"excerpt":{"rendered":"<p>Pesquisa AtlasIntel feita com exclusividade para o programa GPS CNN deste s\u00e1bado (29) aponta uma divis\u00e3o no eleitorado sobre temas referentes ao julgamento de Jair Bolsonaro (PL) pela Primeira Turma&hellip;<\/p>","protected":false},"author":1,"featured_media":115209,"comment_status":"closed","ping_status":"open","sticky":false,"template":"","format":"standard","meta":{"content-type":"","footnotes":""},"categories":[16],"tags":[123,2448,5313,1267],"class_list":["post-115208","post","type-post","status-publish","format-standard","has-post-thumbnail","hentry","category-noticias","tag-brasil","tag-diario","tag-noticia","tag-noticias"],"_links":{"self":[{"href":"https:\/\/tvbrazilusa.com\/pt\/wp-json\/wp\/v2\/posts\/115208","targetHints":{"allow":["GET"]}}],"collection":[{"href":"https:\/\/tvbrazilusa.com\/pt\/wp-json\/wp\/v2\/posts"}],"about":[{"href":"https:\/\/tvbrazilusa.com\/pt\/wp-json\/wp\/v2\/types\/post"}],"author":[{"embeddable":true,"href":"https:\/\/tvbrazilusa.com\/pt\/wp-json\/wp\/v2\/users\/1"}],"replies":[{"embeddable":true,"href":"https:\/\/tvbrazilusa.com\/pt\/wp-json\/wp\/v2\/comments?post=115208"}],"version-history":[{"count":1,"href":"https:\/\/tvbrazilusa.com\/pt\/wp-json\/wp\/v2\/posts\/115208\/revisions"}],"predecessor-version":[{"id":115210,"href":"https:\/\/tvbrazilusa.com\/pt\/wp-json\/wp\/v2\/posts\/115208\/revisions\/115210"}],"wp:featuredmedia":[{"embeddable":true,"href":"https:\/\/tvbrazilusa.com\/pt\/wp-json\/wp\/v2\/media\/115209"}],"wp:attachment":[{"href":"https:\/\/tvbrazilusa.com\/pt\/wp-json\/wp\/v2\/media?parent=115208"}],"wp:term":[{"taxonomy":"category","embeddable":true,"href":"https:\/\/tvbrazilusa.com\/pt\/wp-json\/wp\/v2\/categories?post=115208"},{"taxonomy":"post_tag","embeddable":true,"href":"https:\/\/tvbrazilusa.com\/pt\/wp-json\/wp\/v2\/tags?post=115208"}],"curies":[{"name":"wp","href":"https:\/\/api.w.org\/{rel}","templated":true}]}}