{"id":115223,"date":"2025-03-30T16:50:58","date_gmt":"2025-03-30T16:50:58","guid":{"rendered":"https:\/\/tvbrazilusa.com\/2025\/03\/30\/tecnico-da-serie-a-do-brasileirao-e-demitido-apos-derrota-na-primeira-rodada-do-campeonato-saiba-quem-foi\/"},"modified":"2025-03-30T16:51:03","modified_gmt":"2025-03-30T16:51:03","slug":"tecnico-da-serie-a-do-brasileirao-e-demitido-apos-derrota-na-primeira-rodada-do-campeonato-saiba-quem-foi","status":"publish","type":"post","link":"https:\/\/tvbrazilusa.com\/pt\/2025\/03\/30\/tecnico-da-serie-a-do-brasileirao-e-demitido-apos-derrota-na-primeira-rodada-do-campeonato-saiba-quem-foi\/","title":{"rendered":"T\u00e9cnico da S\u00e9rie A do Brasileir\u00e3o \u00e9 demitido ap\u00f3s derrota na primeira rodada do campeonato; saiba quem foi"},"content":{"rendered":"<p> <script async src=\"https:\/\/pagead2.googlesyndication.com\/pagead\/js\/adsbygoogle.js?client=ca-pub-8864793242727901\"\r\n     crossorigin=\"anonymous\"><\/script><br \/>\n<\/p>\n<div>\n<figure class=\"post-image\">\n<\/figure>\n<p>            <span style=\"font-size: 12px\">Reprodu\u00e7\u00e3o\/Internet<\/span><\/p>\n<p>            <!-- end metas --><br \/>\n            <!-- ADS --><\/p>\n<div id=\"taboola-read-more\" style=\"display:block; width:100%\">\n<p>Mano Menezes n\u00e3o \u00e9 mais t\u00e9cnico do Fluminense. O treinador foi demitido na madrugada deste domingo, ap\u00f3s a derrota no s\u00e1bado para o Fortaleza por 2 a 0, no Castel\u00e3o, pela primeira rodada do Campeonato Brasileiro. O auxiliar-t\u00e9cnico permanente, Marc\u00e3o assume a equipe de forma interina e vai dirigir o time na partida contra o Once Caldas, na pr\u00f3xima ter\u00e7a-feira, pela Sul-Americana.\n<\/p>\n<p>Os auxiliares Sidnei Lobo e Thiago Kosloski e o preparador f\u00edsico Fl\u00e1vio Oliveira tamb\u00e9m deixaram o time. Confira abaixo nota publicada pelo Fluminense.<\/p>\n<p>&#8220;O Fluminense FC informa que Mano Menezes n\u00e3o est\u00e1 mais \u00e0 frente do comando t\u00e9cnico da equipe. Tamb\u00e9m deixam o clube os auxiliares Sidnei Lobo e Thiago Kosloski e o preparador f\u00edsico Fl\u00e1vio Oliveira. O clube agradece aos profissionais por toda a dedica\u00e7\u00e3o empenhada ao longo do trabalho e deseja sucesso na sequ\u00eancia de suas carreiras.\n<\/p>\n<p>O auxiliar-t\u00e9cnico permanente Marc\u00e3o assume de forma interina e vai dirigir o time na partida contra o Once Caldas, na pr\u00f3xima ter\u00e7a-feira (01\/03), na Col\u00f4mbia, pela primeira rodada da Conmebol Sul-Americana&#8221;\n<\/p>\n<p>Mano Menezes foi anunciado pelo Fluminense no dia 1 de julho de 2024. O treinador comandou o clube na fuga contra o rebaixamento no ano passado. Ao todo, esteve \u00e0 frente do time em 46 jogos. Foram 21 vit\u00f3rias, 13 empates e 17 derrotas.\n<\/p>\n<p>Fonte: ge              <\/p>\n<\/div>\n<p>                        <!-- Scripts para conteudo --><\/p>\n<p>            <!-- .\/Scripts para conteudo --><br \/>\n            <!-- .\/Mat\u00e9ria --><\/p>\n<div class=\"row mt-3\">\n<div class=\"col-sm-6\">\n                <!-- Whatsapp channel 3--><br \/>\n                <a href=\"https:\/\/chat.whatsapp.com\/B8Qy6Erx4kb6yTzj3kaDco\" target=\"_blank\"><br \/>\n                  <img decoding=\"async\" src=\"https:\/\/diariodobrasilnoticias.com.br\/assets-site\/images\/bot_whatsapp.png\"\/><\/a>\n              <\/div>\n<div class=\"col-sm-6\">\n                <a href=\"https:\/\/t.me\/+_4gTmi5LKo03OTM5\" target=\"_blank\"><br \/>\n                  <img decoding=\"async\" src=\"https:\/\/diariodobrasilnoticias.com.br\/assets-site\/images\/bot_telegram.png\"\/><\/a>\n              <\/div>\n<\/p><\/div>\n<p>            <!-- end post-navigation --><\/p>\n<p>              <!-- end row --><\/p>\n<p>              <!-- end col-12-->\n                      <\/div>\n<p><br \/>\n<br \/><a href=\"https:\/\/diariodobrasilnoticias.com.br\/noticia\/tecnico-da-serie-a-do-brasileirao-e-demitido-apos-derrota-na-primeira-rodada-do-campeonato-saiba-quem-foi-67e9589eb50bd\">Source link <\/a><\/p>","protected":false},"excerpt":{"rendered":"<p>Reprodu\u00e7\u00e3o\/Internet Mano Menezes n\u00e3o \u00e9 mais t\u00e9cnico do Fluminense. O treinador foi demitido na madrugada deste domingo, ap\u00f3s a derrota no s\u00e1bado para o Fortaleza por 2 a 0, no&hellip;<\/p>","protected":false},"author":1,"featured_media":115224,"comment_status":"closed","ping_status":"open","sticky":false,"template":"","format":"standard","meta":{"content-type":"","footnotes":""},"categories":[16],"tags":[123,2448,5313,1267],"class_list":["post-115223","post","type-post","status-publish","format-standard","has-post-thumbnail","hentry","category-noticias","tag-brasil","tag-diario","tag-noticia","tag-noticias"],"_links":{"self":[{"href":"https:\/\/tvbrazilusa.com\/pt\/wp-json\/wp\/v2\/posts\/115223","targetHints":{"allow":["GET"]}}],"collection":[{"href":"https:\/\/tvbrazilusa.com\/pt\/wp-json\/wp\/v2\/posts"}],"about":[{"href":"https:\/\/tvbrazilusa.com\/pt\/wp-json\/wp\/v2\/types\/post"}],"author":[{"embeddable":true,"href":"https:\/\/tvbrazilusa.com\/pt\/wp-json\/wp\/v2\/users\/1"}],"replies":[{"embeddable":true,"href":"https:\/\/tvbrazilusa.com\/pt\/wp-json\/wp\/v2\/comments?post=115223"}],"version-history":[{"count":1,"href":"https:\/\/tvbrazilusa.com\/pt\/wp-json\/wp\/v2\/posts\/115223\/revisions"}],"predecessor-version":[{"id":115225,"href":"https:\/\/tvbrazilusa.com\/pt\/wp-json\/wp\/v2\/posts\/115223\/revisions\/115225"}],"wp:featuredmedia":[{"embeddable":true,"href":"https:\/\/tvbrazilusa.com\/pt\/wp-json\/wp\/v2\/media\/115224"}],"wp:attachment":[{"href":"https:\/\/tvbrazilusa.com\/pt\/wp-json\/wp\/v2\/media?parent=115223"}],"wp:term":[{"taxonomy":"category","embeddable":true,"href":"https:\/\/tvbrazilusa.com\/pt\/wp-json\/wp\/v2\/categories?post=115223"},{"taxonomy":"post_tag","embeddable":true,"href":"https:\/\/tvbrazilusa.com\/pt\/wp-json\/wp\/v2\/tags?post=115223"}],"curies":[{"name":"wp","href":"https:\/\/api.w.org\/{rel}","templated":true}]}}