{"id":115226,"date":"2025-03-30T17:04:45","date_gmt":"2025-03-30T17:04:45","guid":{"rendered":"https:\/\/tvbrazilusa.com\/2025\/03\/30\/presidente-de-ong-na-africa-acusa-o-principe-harry-de-assedio\/"},"modified":"2025-03-30T17:04:49","modified_gmt":"2025-03-30T17:04:49","slug":"presidente-de-ong-na-africa-acusa-o-principe-harry-de-assedio","status":"publish","type":"post","link":"https:\/\/tvbrazilusa.com\/pt\/2025\/03\/30\/presidente-de-ong-na-africa-acusa-o-principe-harry-de-assedio\/","title":{"rendered":"Presidente de ONG na \u00c1frica acusa o pr\u00edncipe Harry de ass\u00e9dio"},"content":{"rendered":"<p> <script async src=\"https:\/\/pagead2.googlesyndication.com\/pagead\/js\/adsbygoogle.js?client=ca-pub-8864793242727901\"\r\n     crossorigin=\"anonymous\"><\/script><br \/>\n<\/p>\n<div id=\"taboola-read-more\" style=\"display:block; width:100%\">\n<p>O pr\u00edncipe Harry enfrenta acusa\u00e7\u00f5es graves feitas pela presidente de uma organiza\u00e7\u00e3o de caridade na \u00c1frica, que ele ajudou a criar e da qual recentemente se afastou, em meio a um conflito interno ainda pouco esclarecido.\n<\/p>\n<p>O filho mais novo do rei Charles III era, at\u00e9 esta semana, padrinho da ONG Sentebale, uma das poucas iniciativas sociais que ele manteve depois de romper com a monarquia brit\u00e2nica em 2020 e perder seus t\u00edtulos de patrono real.<\/p>\n<p>Na ter\u00e7a-feira, no entanto, ele anunciou, \u201ccom grande pesar\u201d, que deixaria o cargo devido a um conflito entre os administradores da organiza\u00e7\u00e3o e a presidente do conselho, Sophie Chandauka, que assumiu a fun\u00e7\u00e3o em 2023.\n<\/p>\n<p>Ela tamb\u00e9m enfrenta acusa\u00e7\u00f5es de m\u00e1 gest\u00e3o por parte dos membros do conselho, que pediram sua sa\u00edda. O caso foi levado \u00e0 Justi\u00e7a.\n<\/p>\n<p>Em entrevista \u00e0 Sky News no domingo, Chandauka fez novas acusa\u00e7\u00f5es diretamente contra Harry. \u201cO que o pr\u00edncipe Harry queria era me afastar (\u2026) Isso durou meses, com intimida\u00e7\u00e3o e ass\u00e9dio\u201d, disse, afirmando que \u201ctem provas disso\u201d.\n<\/p>\n<p>O canal tentou contato com o pr\u00edncipe, que vive na Calif\u00f3rnia com sua esposa Meghan e seus dois filhos, mas n\u00e3o obteve resposta.\n<\/p>\n<p>Segundo uma fonte an\u00f4nima pr\u00f3xima aos administradores, citada pela BBC, eles \u201cj\u00e1 esperavam\u201d o que chamaram de uma \u201cestrat\u00e9gia de autopromo\u00e7\u00e3o\u201d de Chandauka.\n<\/p>\n<p><strong>Cultura do sil\u00eancio?<\/strong>\n<\/p>\n<p>Neste domingo (30\/3), a presidente da ONG tamb\u00e9m afirmou que existe uma cultura de \u201csil\u00eancio\u201d dentro da organiza\u00e7\u00e3o, em que os membros do conselho evitam criticar Harry ou falar sobre temas delicados.\n<\/p>\n<p>Um desses assuntos seria a perda de v\u00e1rios doadores, que, segundo Chandauka, aconteceu depois que o pr\u00edncipe deixou o Reino Unido em 2020.\n<\/p>\n<p>Ela tamb\u00e9m criticou a decis\u00e3o de Harry de levar uma equipe de filmagem da Netflix \u2014 com quem ele assinou um contrato milion\u00e1rio \u2014 para um evento beneficente da ONG no ano passado, realizado durante um torneio de polo.\n<\/p>\n<p>As imagens, que circularam amplamente, mostraram um momento constrangedor entre Chandauka e Meghan Markle no palco, enquanto ambas tentavam segurar o trof\u00e9u. Depois do evento, Harry \u201cme pediu para dar uma declara\u00e7\u00e3o apoiando Meghan\u201d, afirmou Sophie Chandauka.\n<\/p>\n<p>No entanto, o ex-integrante do conselho Kelello Lerotholi disse \u00e0 Sky News que nunca presenciou esse pedido.\n<\/p>\n<p>\u201cPosso dizer com certeza que, nas reuni\u00f5es em que estive, esse assunto nunca foi mencionado\u201d, declarou.\n<\/p>\n<p>Lynda Chalker, que fez parte do conselho da ONG por quase 20 anos, afirmou ao jornal The Times que Chandauka tem um estilo de lideran\u00e7a \u201cautorit\u00e1rio\u201d.\n<\/p>\n<p>Harry ajudou a criar a Sentebale aos 21 anos para continuar o trabalho de sua m\u00e3e, a princesa Diana, que atuou ativamente no combate \u00e0 aids.\n<\/p>\n<p>A Sentebale apoia crian\u00e7as e jovens \u00f3rf\u00e3os devido \u00e0 epidemia de HIV no Lesoto \u2014 um pequeno e pobre pa\u00eds cercado pela \u00c1frica do Sul \u2014 e em Botsuana.\n<\/p>\n<p>A organiza\u00e7\u00e3o vai sobreviver ao esc\u00e2ndalo? \u201cSim\u201d, diz Chandauka: \u201cA Sentebale existe gra\u00e7as \u00e0s pessoas que trabalham na \u00c1frica todos os dias. O pr\u00edncipe Harry foi \u00e0 \u00c1frica pela primeira vez em cinco anos no ano passado porque eu pedi. Quem voc\u00ea acha que comandou as opera\u00e7\u00f5es durante a pandemia?\u201d.\n<\/p>\n<p>Fonte: Metr\u00f3poles              <\/p>\n<\/div>\n<p><br \/>\n<br \/><a href=\"https:\/\/diariodobrasilnoticias.com.br\/noticia\/presidente-de-ong-na-africa-acusa-o-principe-harry-de-assedio-67e95a99ef05d\">Source link <\/a><\/p>","protected":false},"excerpt":{"rendered":"<p>O pr\u00edncipe Harry enfrenta acusa\u00e7\u00f5es graves feitas pela presidente de uma organiza\u00e7\u00e3o de caridade na \u00c1frica, que ele ajudou a criar e da qual recentemente se afastou, em meio a&hellip;<\/p>","protected":false},"author":1,"featured_media":115227,"comment_status":"closed","ping_status":"open","sticky":false,"template":"","format":"standard","meta":{"content-type":"","footnotes":""},"categories":[16],"tags":[123,2448,5313,1267],"class_list":["post-115226","post","type-post","status-publish","format-standard","has-post-thumbnail","hentry","category-noticias","tag-brasil","tag-diario","tag-noticia","tag-noticias"],"_links":{"self":[{"href":"https:\/\/tvbrazilusa.com\/pt\/wp-json\/wp\/v2\/posts\/115226","targetHints":{"allow":["GET"]}}],"collection":[{"href":"https:\/\/tvbrazilusa.com\/pt\/wp-json\/wp\/v2\/posts"}],"about":[{"href":"https:\/\/tvbrazilusa.com\/pt\/wp-json\/wp\/v2\/types\/post"}],"author":[{"embeddable":true,"href":"https:\/\/tvbrazilusa.com\/pt\/wp-json\/wp\/v2\/users\/1"}],"replies":[{"embeddable":true,"href":"https:\/\/tvbrazilusa.com\/pt\/wp-json\/wp\/v2\/comments?post=115226"}],"version-history":[{"count":1,"href":"https:\/\/tvbrazilusa.com\/pt\/wp-json\/wp\/v2\/posts\/115226\/revisions"}],"predecessor-version":[{"id":115228,"href":"https:\/\/tvbrazilusa.com\/pt\/wp-json\/wp\/v2\/posts\/115226\/revisions\/115228"}],"wp:featuredmedia":[{"embeddable":true,"href":"https:\/\/tvbrazilusa.com\/pt\/wp-json\/wp\/v2\/media\/115227"}],"wp:attachment":[{"href":"https:\/\/tvbrazilusa.com\/pt\/wp-json\/wp\/v2\/media?parent=115226"}],"wp:term":[{"taxonomy":"category","embeddable":true,"href":"https:\/\/tvbrazilusa.com\/pt\/wp-json\/wp\/v2\/categories?post=115226"},{"taxonomy":"post_tag","embeddable":true,"href":"https:\/\/tvbrazilusa.com\/pt\/wp-json\/wp\/v2\/tags?post=115226"}],"curies":[{"name":"wp","href":"https:\/\/api.w.org\/{rel}","templated":true}]}}