{"id":115238,"date":"2025-03-30T17:59:59","date_gmt":"2025-03-30T17:59:59","guid":{"rendered":"https:\/\/tvbrazilusa.com\/2025\/03\/30\/professor-de-direito-constitucional-andre-marsiglia-diz-que-nao-ve-necessidade-de-regulacao-da-informacao-veja\/"},"modified":"2025-03-30T18:00:00","modified_gmt":"2025-03-30T18:00:00","slug":"professor-de-direito-constitucional-andre-marsiglia-diz-que-nao-ve-necessidade-de-regulacao-da-informacao-veja","status":"publish","type":"post","link":"https:\/\/tvbrazilusa.com\/pt\/2025\/03\/30\/professor-de-direito-constitucional-andre-marsiglia-diz-que-nao-ve-necessidade-de-regulacao-da-informacao-veja\/","title":{"rendered":"Professor de Direito Constitucional, Andr\u00e9 Marsiglia, diz que n\u00e3o v\u00ea necessidade de regula\u00e7\u00e3o da informa\u00e7\u00e3o; veja"},"content":{"rendered":"<p> <script async src=\"https:\/\/pagead2.googlesyndication.com\/pagead\/js\/adsbygoogle.js?client=ca-pub-8864793242727901\"\r\n     crossorigin=\"anonymous\"><\/script><br \/>\n<\/p>\n<div id=\"taboola-read-more\" style=\"display:block; width:100%\">\n<p>O advogado Andr\u00e9 Marsiglia, professor de Direito Constitucional, expressou sua vis\u00e3o sobre o papel da imprensa na era digital durante participa\u00e7\u00e3o no programa WW Especial. Marsiglia argumentou que, atualmente, n\u00e3o h\u00e1 necessidade de regula\u00e7\u00e3o da informa\u00e7\u00e3o, especialmente considerando os avan\u00e7os tecnol\u00f3gicos.\n<\/p>\n<p>\u201cEu n\u00e3o creio que seja necess\u00e1rio hoje, sobretudo por conta da tecnologia, que exista algu\u00e9m, uma pessoa que fa\u00e7a a regula\u00e7\u00e3o, ou que esteja \u00e0 frente, ou que seja o detentor da verdade e coisas do g\u00eanero\u201d.<\/p>\n<p>O especialista em liberdade de express\u00e3o enfatizou sugeriu uma adapta\u00e7\u00e3o no papel da imprensa tradicional. Ele prop\u00f4s que os jornalistas se tornem curadores de conte\u00fado, em vez de serem os detentores exclusivos da informa\u00e7\u00e3o. Essa mudan\u00e7a, segundo Marsiglia, poderia ajudar a imprensa a recuperar sua relev\u00e2ncia no cen\u00e1rio midi\u00e1tico atual.\n<\/p>\n<p><strong>O poder de pautar o debate p\u00fablico<\/strong>\n<\/p>\n<p>Apesar das mudan\u00e7as no consumo de informa\u00e7\u00e3o, Marsiglia ressaltou que os ve\u00edculos tradicionais ainda mant\u00eam um papel crucial. \u201cEsses ve\u00edculos tradicionais, hoje, ainda possuem um papel relevante que \u00e9 o de pautar o debate p\u00fablico\u201d.\n<\/p>\n<p>Ele argumentou que, mesmo com menos visualiza\u00e7\u00f5es em compara\u00e7\u00e3o com as redes sociais, o conte\u00fado de ve\u00edculos estabelecidos, como a CNN, ainda tem o poder de direcionar as discuss\u00f5es na sociedade.\n<\/p>\n<p>Marsiglia destaca que a credibilidade dos meios tradicionais vai al\u00e9m da quantidade de acessos. \u201cN\u00e3o \u00e9 s\u00f3 uma quest\u00e3o de quantidade, \u00e9 de credibilidade e de uma credibilidade estrutural, n\u00e3o apenas de quem fala e etc\u201d.\n<\/p>\n<p><strong>Desafios para a imprensa<\/strong>\n<\/p>\n<p>O professor alertou para o que considera uma abordagem equivocada da imprensa em rela\u00e7\u00e3o \u00e0s redes sociais. Ele criticou a tend\u00eancia de alguns ve\u00edculos de tentar competir diretamente com as plataformas digitais, tornando-se mais opinativos e menos reflexivos.\n<\/p>\n<p>\u201cA imprensa faz o jogo invertido, que \u00e9 tentar ocupar o lugar das redes sociais e se torna uma imprensa opinativa, se torna uma imprensa que quer dar a not\u00edcia um segundo depois de ela acontecer ou sem reflex\u00e3o\u201d.\n<\/p>\n<p>Essa estrat\u00e9gia, na vis\u00e3o do professor, pode comprometer a credibilidade estrutural da imprensa. Ele sugere que, ao inv\u00e9s de tentar imitar as redes sociais, os ve\u00edculos devem focar em seu papel \u00fanico na constru\u00e7\u00e3o da verdade, adaptando-se \u00e0s novas realidades tecnol\u00f3gicas sem perder sua ess\u00eancia e credibilidade.\n<\/p>\n<p>Fonte: CNN\n              <\/p>\n<\/div>\n<p><br \/>\n<br \/><a href=\"https:\/\/diariodobrasilnoticias.com.br\/noticia\/professor-de-direito-constitucional-andre-marsiglia-diz-que-nao-ve-necessidade-de-regulacao-da-informacao-veja-67e95e78e1ea3\">Source link <\/a><\/p>","protected":false},"excerpt":{"rendered":"<p>O advogado Andr\u00e9 Marsiglia, professor de Direito Constitucional, expressou sua vis\u00e3o sobre o papel da imprensa na era digital durante participa\u00e7\u00e3o no programa WW Especial. Marsiglia argumentou que, atualmente, n\u00e3o&hellip;<\/p>","protected":false},"author":1,"featured_media":115239,"comment_status":"closed","ping_status":"open","sticky":false,"template":"","format":"standard","meta":{"content-type":"","footnotes":""},"categories":[16],"tags":[123,2448,5313,1267],"class_list":["post-115238","post","type-post","status-publish","format-standard","has-post-thumbnail","hentry","category-noticias","tag-brasil","tag-diario","tag-noticia","tag-noticias"],"_links":{"self":[{"href":"https:\/\/tvbrazilusa.com\/pt\/wp-json\/wp\/v2\/posts\/115238","targetHints":{"allow":["GET"]}}],"collection":[{"href":"https:\/\/tvbrazilusa.com\/pt\/wp-json\/wp\/v2\/posts"}],"about":[{"href":"https:\/\/tvbrazilusa.com\/pt\/wp-json\/wp\/v2\/types\/post"}],"author":[{"embeddable":true,"href":"https:\/\/tvbrazilusa.com\/pt\/wp-json\/wp\/v2\/users\/1"}],"replies":[{"embeddable":true,"href":"https:\/\/tvbrazilusa.com\/pt\/wp-json\/wp\/v2\/comments?post=115238"}],"version-history":[{"count":1,"href":"https:\/\/tvbrazilusa.com\/pt\/wp-json\/wp\/v2\/posts\/115238\/revisions"}],"predecessor-version":[{"id":115240,"href":"https:\/\/tvbrazilusa.com\/pt\/wp-json\/wp\/v2\/posts\/115238\/revisions\/115240"}],"wp:featuredmedia":[{"embeddable":true,"href":"https:\/\/tvbrazilusa.com\/pt\/wp-json\/wp\/v2\/media\/115239"}],"wp:attachment":[{"href":"https:\/\/tvbrazilusa.com\/pt\/wp-json\/wp\/v2\/media?parent=115238"}],"wp:term":[{"taxonomy":"category","embeddable":true,"href":"https:\/\/tvbrazilusa.com\/pt\/wp-json\/wp\/v2\/categories?post=115238"},{"taxonomy":"post_tag","embeddable":true,"href":"https:\/\/tvbrazilusa.com\/pt\/wp-json\/wp\/v2\/tags?post=115238"}],"curies":[{"name":"wp","href":"https:\/\/api.w.org\/{rel}","templated":true}]}}