{"id":115241,"date":"2025-03-30T18:13:46","date_gmt":"2025-03-30T18:13:46","guid":{"rendered":"https:\/\/tvbrazilusa.com\/2025\/03\/30\/zambelli-diz-se-arrepender-de-dia-da-perseguicao-armada-e-se-ve-abandonada-por-bolsonaro\/"},"modified":"2025-03-30T18:13:47","modified_gmt":"2025-03-30T18:13:47","slug":"zambelli-diz-se-arrepender-de-dia-da-perseguicao-armada-e-se-ve-abandonada-por-bolsonaro","status":"publish","type":"post","link":"https:\/\/tvbrazilusa.com\/pt\/2025\/03\/30\/zambelli-diz-se-arrepender-de-dia-da-perseguicao-armada-e-se-ve-abandonada-por-bolsonaro\/","title":{"rendered":"Zambelli diz se arrepender de dia da persegui\u00e7\u00e3o armada e se v\u00ea abandonada por Bolsonaro"},"content":{"rendered":"<p> <script async src=\"https:\/\/pagead2.googlesyndication.com\/pagead\/js\/adsbygoogle.js?client=ca-pub-8864793242727901\"\r\n     crossorigin=\"anonymous\"><\/script><br \/>\n<\/p>\n<div id=\"taboola-read-more\" style=\"display:block; width:100%\">\n<h2 class=\"mgs-excerpt-single\">Zambelli admite que n\u00e3o deveria ter sacado arma no meio da rua em S\u00e3o Paulo e afirma que voltar\u00e1 \u00e0 vida p\u00fablica ap\u00f3s reaver direitos pol\u00edticos<\/h2>\n<p>Em entrevista publicada neste domingo (30) <a href=\"https:\/\/www1.folha.uol.com.br\/poder\/2025\/03\/zambelli-diz-se-arrepender-de-dia-da-perseguicao-armada-e-se-ve-abandonada-por-bolsonaro.shtml\">pelo jornal Folha de S. Paulo<\/a>, a deputada federal <a href=\"https:\/\/www.maisgoias.com.br\/brasil\/carla-zambelli-anuncia-jejum-em-aniversario-do-8-de-janeiro\/\">Carla Zambelli<\/a>, que j\u00e1 tem votos suficientes no Supremo Tribunal Federal (STF) para ser condenada e cassada, diz se arrepender de perseguir um homem com arma em punho na rua, \u00e0s v\u00e9speras da elei\u00e7\u00e3o de 2022 em S\u00e3o Paulo<\/p>\n<p>\u201c[O que me arrependo de ter feito na minha trajet\u00f3ria pol\u00edtica foi] Esse dia de ter ido atr\u00e1s desse rapaz. Devia ter entrado no carro e ido embora, como fazia sempre todas as vezes que tentavam, at\u00e9 hoje, que tentam brigar comigo na rua. Esse dia foi o \u00fanico dia que eu n\u00e3o sa\u00ed, infelizmente. Mas me arrependo, deveria ter sa\u00eddo\u201d, diz a deputada.\n<\/p>\n<p>Zambelli, de 44 anos, afirma que se sente abandonada por Bolsonaro. \u201cAcho que esperava apoio. Desde 2013 eu apoio o Bolsonaro. Esperava ter algum tipo de retribui\u00e7\u00e3o em rela\u00e7\u00e3o a isso. Ou seja, contar com a amizade dele nesse momento dif\u00edcil. Mas acho que n\u00e3o s\u00f3 eu como outras pessoas tamb\u00e9m perderam a amizade do presidente no momento que precisaram\u201d.\n<\/p>\n<p>A parlamentar discorda da avalia\u00e7\u00e3o do ex-presidente de que o epis\u00f3dio protagonizado por ela nas ruas de S\u00e3o Paulo foi decisivo para que ele perdesse as elei\u00e7\u00f5es de 2022. \u201cEu discordo do presidente Bolsonaro. Eu acho que atrapalhou, sim. Mas n\u00e3o teve v\u00e1rios dias de divulga\u00e7\u00e3o dessa imagem. Foi simplesmente meio dia. N\u00e3o acho que tanta gente tenha mudado de opini\u00e3o em rela\u00e7\u00e3o ao voto que daria. \u00c9 um peso bastante grande ter ouvido aquilo. Pesou bastante nas minhas costas. Na verdade, desde 2022 enfrento depress\u00e3o por causa desse epis\u00f3dio e tive v\u00e1rios momentos bem ruins. Ter ouvido isso dele me deixou bastante chateada\u201d.\n<\/p>\n<h2 id=\"h-zambelli-e-a-cassacao\" class=\"wp-block-heading\">Zambelli e a cassa\u00e7\u00e3o<\/h2>\n<p>A respeito do processo que, depois de conclu\u00eddo, resultar\u00e1 na condena\u00e7\u00e3o e cassa\u00e7\u00e3o do mandato, Zambelli reconhece que tem poucas chances de reverter a decis\u00e3o na fase de recurso, mas adianta que vai recorrer. \u201cEstou num momento mais dif\u00edcil politicamente falando. Nunca imaginei passar por uma situa\u00e7\u00e3o dessa. Uma poss\u00edvel pris\u00e3o, por um crime que n\u00e3o cometi. Considero isso uma persegui\u00e7\u00e3o pol\u00edtica\u201d.\n<\/p>\n<p>Ela afirma que, ainda que n\u00e3o consiga reverter a inelegibilidade, pretende voltar \u00e0 vida p\u00fablica em 2030. \u201cN\u00e3o v\u00e3o se livrar t\u00e3o cedo de mim\u201d.\n<\/p>\n<p>Com informa\u00e7\u00f5es mais Goi\u00e1s\u00a0<\/p>\n<\/p><\/div>\n<p><br \/>\n<br \/><a href=\"https:\/\/diariodobrasilnoticias.com.br\/noticia\/zambelli-diz-se-arrepender-de-dia-da-perseguicao-armada-e-se-ve-abandonada-por-bolsonaro-67e9868d331ad\">Source link <\/a><\/p>","protected":false},"excerpt":{"rendered":"<p>Zambelli admite que n\u00e3o deveria ter sacado arma no meio da rua em S\u00e3o Paulo e afirma que voltar\u00e1 \u00e0 vida p\u00fablica ap\u00f3s reaver direitos pol\u00edticos Em entrevista publicada neste&hellip;<\/p>","protected":false},"author":1,"featured_media":115242,"comment_status":"closed","ping_status":"open","sticky":false,"template":"","format":"standard","meta":{"content-type":"","footnotes":""},"categories":[16],"tags":[123,2448,5313,1267],"class_list":["post-115241","post","type-post","status-publish","format-standard","has-post-thumbnail","hentry","category-noticias","tag-brasil","tag-diario","tag-noticia","tag-noticias"],"_links":{"self":[{"href":"https:\/\/tvbrazilusa.com\/pt\/wp-json\/wp\/v2\/posts\/115241","targetHints":{"allow":["GET"]}}],"collection":[{"href":"https:\/\/tvbrazilusa.com\/pt\/wp-json\/wp\/v2\/posts"}],"about":[{"href":"https:\/\/tvbrazilusa.com\/pt\/wp-json\/wp\/v2\/types\/post"}],"author":[{"embeddable":true,"href":"https:\/\/tvbrazilusa.com\/pt\/wp-json\/wp\/v2\/users\/1"}],"replies":[{"embeddable":true,"href":"https:\/\/tvbrazilusa.com\/pt\/wp-json\/wp\/v2\/comments?post=115241"}],"version-history":[{"count":1,"href":"https:\/\/tvbrazilusa.com\/pt\/wp-json\/wp\/v2\/posts\/115241\/revisions"}],"predecessor-version":[{"id":115243,"href":"https:\/\/tvbrazilusa.com\/pt\/wp-json\/wp\/v2\/posts\/115241\/revisions\/115243"}],"wp:featuredmedia":[{"embeddable":true,"href":"https:\/\/tvbrazilusa.com\/pt\/wp-json\/wp\/v2\/media\/115242"}],"wp:attachment":[{"href":"https:\/\/tvbrazilusa.com\/pt\/wp-json\/wp\/v2\/media?parent=115241"}],"wp:term":[{"taxonomy":"category","embeddable":true,"href":"https:\/\/tvbrazilusa.com\/pt\/wp-json\/wp\/v2\/categories?post=115241"},{"taxonomy":"post_tag","embeddable":true,"href":"https:\/\/tvbrazilusa.com\/pt\/wp-json\/wp\/v2\/tags?post=115241"}],"curies":[{"name":"wp","href":"https:\/\/api.w.org\/{rel}","templated":true}]}}