{"id":115244,"date":"2025-03-30T18:29:53","date_gmt":"2025-03-30T18:29:53","guid":{"rendered":"https:\/\/tvbrazilusa.com\/2025\/03\/30\/lider-palestino-e-torturado-e-morto-pelo-grupo-terrorista-hamas-familia-pede-apoio-de-instituicoes-humanitarias\/"},"modified":"2025-03-30T18:29:54","modified_gmt":"2025-03-30T18:29:54","slug":"lider-palestino-e-torturado-e-morto-pelo-grupo-terrorista-hamas-familia-pede-apoio-de-instituicoes-humanitarias","status":"publish","type":"post","link":"https:\/\/tvbrazilusa.com\/pt\/2025\/03\/30\/lider-palestino-e-torturado-e-morto-pelo-grupo-terrorista-hamas-familia-pede-apoio-de-instituicoes-humanitarias\/","title":{"rendered":"L\u00edder palestino \u00e9 torturado e morto pelo grupo terrorista Hamas; fam\u00edlia pede apoio de institui\u00e7\u00f5es humanit\u00e1rias"},"content":{"rendered":"<p> <script async src=\"https:\/\/pagead2.googlesyndication.com\/pagead\/js\/adsbygoogle.js?client=ca-pub-8864793242727901\"\r\n     crossorigin=\"anonymous\"><\/script><br \/>\n<\/p>\n<div id=\"taboola-read-more\" style=\"display:block; width:100%\">\n<p>Terroristas do Hamas sequestraram, torturaram por quatro horas e executaram o palestino Odai Naser Saadi, de 22 anos, um dos l\u00edderes da onda de protestos da semana passada contra o grupo que governa a Faixa de Gaza desde 2007 e que pauta boa parte da imprensa ocidental diante das rea\u00e7\u00f5es de Israel a seus ataques.\u00a0\n<\/p>\n<p>O corpo da v\u00edtima foi deixado neste fim de semana na frente da casa de seus familiares, que foram filmados em seu enterro relatando o ocorrido, defendendo puni\u00e7\u00e3o dos assassinos da ala Al-Qassam do Hamas e pedindo \u201cque institui\u00e7\u00f5es de direitos humanos apoiem o povo de Gaza contra esses criminosos\u201d. Os v\u00eddeos circulam no X, onde ativistas pr\u00f3-Hamas chamam os manifestantes de \u201ctraidores\u201d.<\/p>\n<p>O Antagonista traduz o trecho de um dos discursos em \u00e1rabe, feito em nome da fam\u00edlia de Odai Naser Saadi:\n<\/p>\n<p>\u201cO Mensageiro de Allah disse no hadith Qudsi [categoria especial de Hadith, o comp\u00eandio de ditos atribu\u00eddos ao profeta isl\u00e2mico Maom\u00e9] sobre o Senhor da Gl\u00f3ria:\n<\/p>\n<p>\u00d3 servos, proibi a injusti\u00e7a a mim e entre voc\u00eas, ent\u00e3o n\u00e3o sejam injustos.\n<\/p>\n<p>O Profeta disse: seu sangue, riqueza e honra s\u00e3o sagrados como este dia neste m\u00eas neste pa\u00eds.\n<\/p>\n<p>Um grupo desonesto sequestrou Uday Al-Rubai, torturando-o at\u00e9 a morte, sem respeito por sua fam\u00edlia. Pegaram-no \u00e0 trai\u00e7\u00e3o, mataram-no e fizeram-lhe mal. Devemos punir severamente esses criminosos que mataram injustamente esse mu\u00e7ulmano.\n<\/p>\n<p>O Profeta disse: destruir a Caaba [edif\u00edcio no centro da Mesquita Sagrada, situada na cidade de Meca, na Ar\u00e1bia Saudita; local mais importante do Isl\u00e3, considerado pelos mu\u00e7ulmanos como Bayt Allah, a \u2018Casa de Deus\u2019] \u00e9 menos grave que derramar sangue mu\u00e7ulmano injustamente.\n<\/p>\n<p>E que haja retribui\u00e7\u00e3o aos assassinos. S\u00f3 haver\u00e1 consolo quando nos vingarmos desses assassinos injustos, mesmo que demore. Pedimos a Allah que os castigue severamente e responda ao povo criminoso.\n<\/p>\n<p>E Tu, nosso Senhor, \u00e9s suficiente para n\u00f3s e o melhor protetor. Este \u00e9 Uday Haki. Jejuou no Ramad\u00e3, orou e leu o Alcor\u00e3o, mas o mataram trai\u00e7oeiramente. Allah nos basta. Ele \u00e9 o melhor protetor contra os opressores.\n<\/p>\n<p>Pedimos que institui\u00e7\u00f5es de direitos humanos apoiem o povo de Gaza contra esses criminosos.\n<\/p>\n<p>Que Allah o perdoe, tenha miseric\u00f3rdia e lhe d\u00ea um bom lugar no Para\u00edso. Am\u00e9m. Que Ele se vingue rapidamente de quem o feriu. Am\u00e9m.\n<\/p>\n<p>\u00d3 Allah, vingue-se. Castigue-os com o pior tormento. \u00d3 Senhor, eles o mataram e oprimiram injustamente. \u00d3 Allah, ele est\u00e1 sob Tua prote\u00e7\u00e3o. D\u00ea-lhe um bom lugar no Para\u00edso. Que esteja com o Profeta, os verdadeiros, os m\u00e1rtires e os justos.\n<\/p>\n<p>N\u00e3o aceitamos condol\u00eancias at\u00e9 que a justi\u00e7a seja feita. Allah guie-nos.\n<\/p>\n<p>Que a paz, miseric\u00f3rdia e b\u00ean\u00e7\u00e3os de Allah estejam convosco.\u201d\n<\/p>\n<p>Hisham al-Barawi, outro palestino que liderou os protestos da semana passada, foi encontrado morto em sua casa na manh\u00e3 deste domingo, 30, ap\u00f3s ter recebido uma visita do Hamas. Terroristas da ala Al-Qassam o amea\u00e7aram e agrediram na frente de sua fam\u00edlia, de acordo com relatos locais.\n<\/p>\n<p>Ativistas pr\u00f3-Hamas d\u00e3o a entender no X que a \u201cpena de morte\u201d j\u00e1 foi aplicada contra sete \u201ctraidores\u201d ligados \u00e0s manifesta\u00e7\u00f5es.\n<\/p>\n<p>Dias atr\u00e1s, Hisham al-Barawi havia dito que \u201c\u00e9 imposs\u00edvel viver sob o governo do Hamas\u201d e que \u201ctodos os dias faremos manifesta\u00e7\u00f5es at\u00e9 que o Hamas atenda nossos pedidos\u201d.\n<\/p>\n<p>\u201cO Hamas governou Gaza por 18 anos, e o que eles fizeram governando Gaza? A cada 3 anos, guerras e mortes\u2026 Gaza foi destru\u00edda, por quanto tempo viveremos com essa injusti\u00e7a? Todos devem nos ouvir\u201d, conclamou ele.\n<\/p>\n<p>A conta oficial de Israel publicou o seguinte coment\u00e1rio sobre o caso de Odai Naser Saadi, repercutido pela imprensa israelense:\n<\/p>\n<p>\u201cO Hamas n\u00e3o aterroriza apenas os israelenses, mas tamb\u00e9m brutaliza os palestinos.\n<\/p>\n<p>Um palestino de 22 anos que ousou protestar foi sequestrado, torturado e executado por seus terroristas. Sua fam\u00edlia agora vive com medo.\n<\/p>\n<p>O reinado brutal do Hamas em Gaza deve acabar.\u201d\n<\/p>\n<p>O Hamas tamb\u00e9m deteve fot\u00f3grafos que cobriram os protestos da semana passada e policiais que se recusaram a reprimi-los. Os protestos foram realizados por quatro dias seguidos e se tornaram os maiores desde o movimento \u201cQueremos Viver\u201d de 2019, que tamb\u00e9m resultou em resposta brutal do grupo terrorista.\n<\/p>\n<p>Um homem de Gaza que agora vive na Turquia, e que publicou a maioria das imagens das manifesta\u00e7\u00f5es, disse recentemente que altos funcion\u00e1rios do Hamas tamb\u00e9m o amea\u00e7aram em raz\u00e3o de suas atividades.\n<\/p>\n<p>O grupo terrorista alegou na quinta-feira, 27, que os protestos foram contra Israel e n\u00e3o contra o Hamas, apesar de relatos, entrevistas e imagens em sentido contr\u00e1rio.\n<\/p>\n<p>\u201cQueremos que o Hamas saia de Gaza e que os ref\u00e9ns israelenses retornem para suas casas. N\u00f3s, civis de Gaza, assim como os 59 israelenses, somos todos ref\u00e9ns do Hamas. Apelamos a Israel para n\u00e3o nos punir pelas a\u00e7\u00f5es do Hamas, n\u00e3o somos todos apoiadores do Hamas\u201d, disse \u201cKhaled\u201d, um manifestante ouvido pela rep\u00f3rter Venetia Menzies, do jornal americano The Sunday Times.\n<\/p>\n<p>De acordo com a emissora p\u00fablica Kan, em parte por desejo de esvaziar as manifesta\u00e7\u00f5es, alguns membros seniores do Hamas mostraram vontade de libertar um pequeno n\u00famero de ref\u00e9ns para garantir uma tr\u00e9gua durante o feriado de desjejum conhecido como Eid al-Fitr, festa realizada para comemorar o fim do Ramad\u00e3, que come\u00e7a na noite deste domingo.\n<\/p>\n<p>O Hamas quer reprimir todos os participantes dos protestos, mas n\u00e3o pode atuar ostensivamente devido \u00e0 retomada das opera\u00e7\u00f5es de Israel em Gaza, j\u00e1 que as For\u00e7as de Defesa israelenses alvejam os terroristas que detectam, de acordo com o relat\u00f3rio.\n<\/p>\n<p>Israel retomou as opera\u00e7\u00f5es em Gaza em 18 de mar\u00e7o, duas semanas ap\u00f3s o fim do cessar-fogo. A primeira fase do acordo, que resultou na liberta\u00e7\u00e3o de 33 ref\u00e9ns israelenses em troca de 1.900 prisioneiros palestinos, havia durado 42 dias e expirado em 2 de mar\u00e7o, em meio \u00e0 recusa de Israel em negociar a segunda fase, sem maiores garantias do Hamas.\n<\/p>\n<p>Acredita-se que ainda h\u00e1 24 ref\u00e9ns vivos, todos eles jovens sequestrados em 7 de outubro de 2023, quando milhares de terroristas invadiram o sul de Israel para matar cerca de 1.200 pessoas e sequestrar outras 251, desencadeando a guerra em Gaza.\n<\/p>\n<p>O Hamas tamb\u00e9m estaria mantendo os restos mortais de 35 ref\u00e9ns, incluindo um oficial das FDI cujo corpo foi roubado depois de ser morto lutando na guerra de Gaza de 2014.\n<\/p>\n<p>Fonte: O Antagonista              <\/p>\n<\/div>\n<p><br \/>\n<br \/><a href=\"https:\/\/diariodobrasilnoticias.com.br\/noticia\/lider-palestino-e-torturado-e-morto-pelo-grupo-terrorista-hamas-familia-pede-apoio-de-instituicoes-humanitarias-67e966f1aff77\">Source link <\/a><\/p>","protected":false},"excerpt":{"rendered":"<p>Terroristas do Hamas sequestraram, torturaram por quatro horas e executaram o palestino Odai Naser Saadi, de 22 anos, um dos l\u00edderes da onda de protestos da semana passada contra o&hellip;<\/p>","protected":false},"author":1,"featured_media":115245,"comment_status":"closed","ping_status":"open","sticky":false,"template":"","format":"standard","meta":{"content-type":"","footnotes":""},"categories":[16],"tags":[123,2448,5313,1267],"class_list":["post-115244","post","type-post","status-publish","format-standard","has-post-thumbnail","hentry","category-noticias","tag-brasil","tag-diario","tag-noticia","tag-noticias"],"_links":{"self":[{"href":"https:\/\/tvbrazilusa.com\/pt\/wp-json\/wp\/v2\/posts\/115244","targetHints":{"allow":["GET"]}}],"collection":[{"href":"https:\/\/tvbrazilusa.com\/pt\/wp-json\/wp\/v2\/posts"}],"about":[{"href":"https:\/\/tvbrazilusa.com\/pt\/wp-json\/wp\/v2\/types\/post"}],"author":[{"embeddable":true,"href":"https:\/\/tvbrazilusa.com\/pt\/wp-json\/wp\/v2\/users\/1"}],"replies":[{"embeddable":true,"href":"https:\/\/tvbrazilusa.com\/pt\/wp-json\/wp\/v2\/comments?post=115244"}],"version-history":[{"count":1,"href":"https:\/\/tvbrazilusa.com\/pt\/wp-json\/wp\/v2\/posts\/115244\/revisions"}],"predecessor-version":[{"id":115246,"href":"https:\/\/tvbrazilusa.com\/pt\/wp-json\/wp\/v2\/posts\/115244\/revisions\/115246"}],"wp:featuredmedia":[{"embeddable":true,"href":"https:\/\/tvbrazilusa.com\/pt\/wp-json\/wp\/v2\/media\/115245"}],"wp:attachment":[{"href":"https:\/\/tvbrazilusa.com\/pt\/wp-json\/wp\/v2\/media?parent=115244"}],"wp:term":[{"taxonomy":"category","embeddable":true,"href":"https:\/\/tvbrazilusa.com\/pt\/wp-json\/wp\/v2\/categories?post=115244"},{"taxonomy":"post_tag","embeddable":true,"href":"https:\/\/tvbrazilusa.com\/pt\/wp-json\/wp\/v2\/tags?post=115244"}],"curies":[{"name":"wp","href":"https:\/\/api.w.org\/{rel}","templated":true}]}}