{"id":115250,"date":"2025-03-30T18:56:12","date_gmt":"2025-03-30T18:56:12","guid":{"rendered":"https:\/\/tvbrazilusa.com\/2025\/03\/30\/8-de-janeiro-pgr-fecha-546-acordos-com-reus-237-recusam\/"},"modified":"2025-03-30T18:56:16","modified_gmt":"2025-03-30T18:56:16","slug":"8-de-janeiro-pgr-fecha-546-acordos-com-reus-237-recusam","status":"publish","type":"post","link":"https:\/\/tvbrazilusa.com\/pt\/2025\/03\/30\/8-de-janeiro-pgr-fecha-546-acordos-com-reus-237-recusam\/","title":{"rendered":"8 DE JANEIRO: PGR fecha 546 acordos com r\u00e9us; 237 recusam"},"content":{"rendered":"<p> <script async src=\"https:\/\/pagead2.googlesyndication.com\/pagead\/js\/adsbygoogle.js?client=ca-pub-8864793242727901\"\r\n     crossorigin=\"anonymous\"><\/script><br \/>\n<\/p>\n<div id=\"taboola-read-more\" style=\"display:block; width:100%\">\n<p>Ao menos 546 r\u00e9us por incita\u00e7\u00e3o aos atos de 8 de janeiro firmaram acordos com a Procuradoria-Geral da Rep\u00fablica (PGR) para evitar condena\u00e7\u00f5es.\n<\/p>\n<p>Levantamento da Folha mostra que outros 237 rejeitaram a proposta e foram sentenciados a um ano de reclus\u00e3o, pena que foi convertida em medidas alternativas, como presta\u00e7\u00e3o de servi\u00e7os comunit\u00e1rios e proibi\u00e7\u00e3o de uso de redes sociais.<\/p>\n<p>A principal diferen\u00e7a entre os dois grupos \u00e9 que aqueles que recusaram o acordo passam a ter antecedente criminal. J\u00e1 os que aceitaram tiveram que confessar os crimes, pagar multas entre R$ 5 mil e R$ 50 mil e cumprir obriga\u00e7\u00f5es, como um curso sobre democracia. Em alguns casos, n\u00e3o houve aplica\u00e7\u00e3o de multa.\n<\/p>\n<p>Os r\u00e9us condenados que n\u00e3o aceitaram o acordo ainda ter\u00e3o que pagar uma indeniza\u00e7\u00e3o de R$ 5 milh\u00f5es, dividida entre os demais sentenciados. Al\u00e9m disso, n\u00e3o podem deixar seus locais de resid\u00eancia, tiveram passaportes suspensos e perderam o porte de arma, caso o tivessem.\n<\/p>\n<p>Segundo o STF, h\u00e1 1.589 a\u00e7\u00f5es relacionadas ao 8 de janeiro, com um total de 500 condena\u00e7\u00f5es. At\u00e9 mar\u00e7o, 546 r\u00e9us firmaram acordos com a PGR.\n<\/p>\n<p>A PGR ofereceu acordos apenas a acusados por crimes de menor gravidade, como aqueles que estavam acampados em frente ao Quartel-General do Ex\u00e9rcito em Bras\u00edlia. J\u00e1 os que participaram diretamente da invas\u00e3o e depreda\u00e7\u00e3o dos pr\u00e9dios p\u00fablicos n\u00e3o tiveram essa op\u00e7\u00e3o.\n<\/p>\n<p>Em ao menos 12 casos, a Pol\u00edcia Federal identificou que r\u00e9us que firmaram acordo tamb\u00e9m participaram dos ataques, o que levou \u00e0 rescis\u00e3o dos termos e \u00e0 reabertura das investiga\u00e7\u00f5es. Advogados dos acusados contestam a decis\u00e3o, alegando que os fatos j\u00e1 eram conhecidos antes da assinatura dos acordos.\n<\/p>\n<p><strong>Caso D\u00e9bora dos Santos<\/strong>\n<\/p>\n<p>A cabeleireira D\u00e9bora Rodrigues dos Santos, 39, acusada de pichar a est\u00e1tua da Justi\u00e7a durante os ataques, n\u00e3o teve direito ao acordo.\n<\/p>\n<p>A PGR a enquadrou no grupo dos \u201cexecutores\u201d, com crimes mais graves como golpe de Estado e dano ao patrim\u00f4nio tombado.\n<\/p>\n<p>Inicialmente, o relator do caso, ministro Alexandre de Moraes, prop\u00f4s uma pena de 14 anos de pris\u00e3o, com apoio do ministro Fl\u00e1vio Dino. No entanto, o julgamento foi paralisado ap\u00f3s o ministro Luiz Fux pedir vista do caso e sugerir uma pena menor.\n<\/p>\n<p>Em decis\u00e3o na sexta, Moraes concedeu a ela pris\u00e3o domiciliar e determinou o uso de tornozeleira eletr\u00f4nica, a proibi\u00e7\u00e3o do uso de redes sociais e de se comunicar-se com \u201cos demais envolvidos, por qualquer meio\u201d.\n<\/p>\n<p>D\u00e9bora, que foi fotografada pichando a est\u00e1tua durante os atos de 8 de janeiro, escreveu a frase \u201cPerdeu, man\u00e9\u201d, dita pelo ministro Lu\u00eds Roberto Barroso a um manifestante bolsonarista em Nova York, em 2022.\n<\/p>\n<p>A cabeleireira deixou o Centro de Ressocializa\u00e7\u00e3o Feminino de Rio Claro, em S\u00e3o Paulo, na noite de sexta-feira, 28. A informa\u00e7\u00e3o foi confirmada pela Secretaria de Administra\u00e7\u00e3o Penitenci\u00e1ria de S\u00e3o Paulo (SAP), que afirmou em nota que a medida foi cumprida ap\u00f3s o alvar\u00e1 expedido pelo STF.\n<\/p>\n<p>Fonte: O Antagonista              <\/p>\n<\/div>\n<p><br \/>\n<br \/><a href=\"https:\/\/diariodobrasilnoticias.com.br\/noticia\/8-de-janeiro-pgr-fecha-546-acordos-com-reus-237-recusam-67e967f705cdd\">Source link <\/a><\/p>","protected":false},"excerpt":{"rendered":"<p>Ao menos 546 r\u00e9us por incita\u00e7\u00e3o aos atos de 8 de janeiro firmaram acordos com a Procuradoria-Geral da Rep\u00fablica (PGR) para evitar condena\u00e7\u00f5es. Levantamento da Folha mostra que outros 237&hellip;<\/p>","protected":false},"author":1,"featured_media":115251,"comment_status":"closed","ping_status":"open","sticky":false,"template":"","format":"standard","meta":{"content-type":"","footnotes":""},"categories":[16],"tags":[123,2448,5313,1267],"class_list":["post-115250","post","type-post","status-publish","format-standard","has-post-thumbnail","hentry","category-noticias","tag-brasil","tag-diario","tag-noticia","tag-noticias"],"_links":{"self":[{"href":"https:\/\/tvbrazilusa.com\/pt\/wp-json\/wp\/v2\/posts\/115250","targetHints":{"allow":["GET"]}}],"collection":[{"href":"https:\/\/tvbrazilusa.com\/pt\/wp-json\/wp\/v2\/posts"}],"about":[{"href":"https:\/\/tvbrazilusa.com\/pt\/wp-json\/wp\/v2\/types\/post"}],"author":[{"embeddable":true,"href":"https:\/\/tvbrazilusa.com\/pt\/wp-json\/wp\/v2\/users\/1"}],"replies":[{"embeddable":true,"href":"https:\/\/tvbrazilusa.com\/pt\/wp-json\/wp\/v2\/comments?post=115250"}],"version-history":[{"count":1,"href":"https:\/\/tvbrazilusa.com\/pt\/wp-json\/wp\/v2\/posts\/115250\/revisions"}],"predecessor-version":[{"id":115252,"href":"https:\/\/tvbrazilusa.com\/pt\/wp-json\/wp\/v2\/posts\/115250\/revisions\/115252"}],"wp:featuredmedia":[{"embeddable":true,"href":"https:\/\/tvbrazilusa.com\/pt\/wp-json\/wp\/v2\/media\/115251"}],"wp:attachment":[{"href":"https:\/\/tvbrazilusa.com\/pt\/wp-json\/wp\/v2\/media?parent=115250"}],"wp:term":[{"taxonomy":"category","embeddable":true,"href":"https:\/\/tvbrazilusa.com\/pt\/wp-json\/wp\/v2\/categories?post=115250"},{"taxonomy":"post_tag","embeddable":true,"href":"https:\/\/tvbrazilusa.com\/pt\/wp-json\/wp\/v2\/tags?post=115250"}],"curies":[{"name":"wp","href":"https:\/\/api.w.org\/{rel}","templated":true}]}}