{"id":115253,"date":"2025-03-30T19:08:16","date_gmt":"2025-03-30T19:08:16","guid":{"rendered":"https:\/\/tvbrazilusa.com\/2025\/03\/30\/jornalista-sueco-e-preso-na-turquia-por-insulto-ao-presidente-erdogan\/"},"modified":"2025-03-30T19:08:17","modified_gmt":"2025-03-30T19:08:17","slug":"jornalista-sueco-e-preso-na-turquia-por-insulto-ao-presidente-erdogan","status":"publish","type":"post","link":"https:\/\/tvbrazilusa.com\/pt\/2025\/03\/30\/jornalista-sueco-e-preso-na-turquia-por-insulto-ao-presidente-erdogan\/","title":{"rendered":"Jornalista sueco \u00e9 preso na Turquia por &#8216;insulto&#8217; ao presidente Erdogan"},"content":{"rendered":"<p> <script async src=\"https:\/\/pagead2.googlesyndication.com\/pagead\/js\/adsbygoogle.js?client=ca-pub-8864793242727901\"\r\n     crossorigin=\"anonymous\"><\/script><br \/>\n<\/p>\n<div id=\"taboola-read-more\" style=\"display:block; width:100%\">\n<p>O governo da Turquia confirmou neste domngo, 30, que o jornalista sueco Joakim Medin (foto) foi preso em Istambul sob acusa\u00e7\u00f5es de \u201cterrorismo\u201d e \u201cinsulto\u201d ao presidente turco, Recep Tayyip Erdogan.\n<\/p>\n<p>Segundo o regime turco, Medin foi detido ao chegar ao aeroporto de Istambul na \u00faltima quinta-feira, 27 de mar\u00e7o, e encarcerado no dia seguinte.<\/p>\n<p>Ainda de acordo com o governo, o jornalista participou de uma manifesta\u00e7\u00e3o do Partido dos Trabalhadores do Curdist\u00e3o (PKK) em Estocolmo, Su\u00e9cia. O PKK \u00e9 classificado como organiza\u00e7\u00e3o terrorista pela Turquia.\n<\/p>\n<p>Medin \u00e9 acusado de ter participado de um protesto em 11 de janeiro de 2023, no qual um boneco representando Erdogan foi queimado. Ele tamb\u00e9m \u00e9 suspeito de facilitar contatos entre a imprensa e o PKK.\n<\/p>\n<p>O Gabinete de Investiga\u00e7\u00e3o de Crimes Terroristas da Procuradoria-Geral de Ancara informou que investiga o caso desde 13 de janeiro de 2023, incluindo outros 14 suspeitos.\n<\/p>\n<p>De acordo com o jornal sueco Dagens ETC, onde Medin trabalha, o jornalista enviou uma mensagem ao editor informando que havia sido detido para \u201cinterrogat\u00f3rio\u201d logo ap\u00f3s sua chegada a Istambul.\n<\/p>\n<p>O editor-chefe do jornal, Andreas Gustavsson, disse que Medin conseguiu se encontrar com um advogado na Pris\u00e3o de Maltepe, onde est\u00e1 mantido em isolamento. At\u00e9 o momento, nenhuma acusa\u00e7\u00e3o formal foi apresentada contra ele.\n<\/p>\n<p>O governo sueco declarou que a liberta\u00e7\u00e3o de Medin \u00e9 uma \u201cprioridade absoluta\u201d.\n<\/p>\n<p><strong>Onda de protestos<\/strong>\n<\/p>\n<p>A pris\u00e3o de Medin ocorre em meio a um aumento na repress\u00e3o \u00e0 imprensa na Turquia.\n<\/p>\n<p>Desde a pris\u00e3o do prefeito de Istambul, Ekrem Imamoglu, em 19 de mar\u00e7o, um jornalista da BBC foi expulso e pelo menos dez jornalistas turcos foram presos.\n<\/p>\n<p>Medin \u00e9 o segundo jornalista estrangeiro detido no pa\u00eds neste per\u00edodo.\n<\/p>\n<p>A pris\u00e3o de Imamoglu provocou uma onda de protestos na Turquia.\n<\/p>\n<p>No s\u00e1bado, milhares de pessoas sa\u00edram \u00e0s ruas em protesto contra Erdogan.\n<\/p>\n<p>O Partido Social-Democrata CHP, maior legenda da oposi\u00e7\u00e3o, convocou a manifesta\u00e7\u00e3o como forma de apoio a Imamoglu, candidato presidencial para as elei\u00e7\u00f5es de 2028, e considera que as acusa\u00e7\u00f5es contra ele s\u00e3o um pretexto para barr\u00e1-lo da disputa.\n<\/p>\n<p>Dilek Imamoglu, esposa do prefeito preso, e o presidente da c\u00e2mara de Ancara, Mansur Yavas, discursaram no ato. O partido pr\u00f3-curdo DEM, a terceira maior for\u00e7a no parlamento, tamb\u00e9m apoiou o protesto e incentivou seus seguidores a comparecerem.\n<\/p>\n<p>Fonte: O Antagonista              <\/p>\n<\/div>\n<p><br \/>\n<br \/><a href=\"https:\/\/diariodobrasilnoticias.com.br\/noticia\/jornalista-sueco-e-preso-na-turquia-por-insulto-ao-presidente-erdogan-67e96c98409da\">Source link <\/a><\/p>","protected":false},"excerpt":{"rendered":"<p>O governo da Turquia confirmou neste domngo, 30, que o jornalista sueco Joakim Medin (foto) foi preso em Istambul sob acusa\u00e7\u00f5es de \u201cterrorismo\u201d e \u201cinsulto\u201d ao presidente turco, Recep Tayyip&hellip;<\/p>","protected":false},"author":1,"featured_media":115254,"comment_status":"closed","ping_status":"open","sticky":false,"template":"","format":"standard","meta":{"content-type":"","footnotes":""},"categories":[16],"tags":[123,2448,5313,1267],"class_list":["post-115253","post","type-post","status-publish","format-standard","has-post-thumbnail","hentry","category-noticias","tag-brasil","tag-diario","tag-noticia","tag-noticias"],"_links":{"self":[{"href":"https:\/\/tvbrazilusa.com\/pt\/wp-json\/wp\/v2\/posts\/115253","targetHints":{"allow":["GET"]}}],"collection":[{"href":"https:\/\/tvbrazilusa.com\/pt\/wp-json\/wp\/v2\/posts"}],"about":[{"href":"https:\/\/tvbrazilusa.com\/pt\/wp-json\/wp\/v2\/types\/post"}],"author":[{"embeddable":true,"href":"https:\/\/tvbrazilusa.com\/pt\/wp-json\/wp\/v2\/users\/1"}],"replies":[{"embeddable":true,"href":"https:\/\/tvbrazilusa.com\/pt\/wp-json\/wp\/v2\/comments?post=115253"}],"version-history":[{"count":1,"href":"https:\/\/tvbrazilusa.com\/pt\/wp-json\/wp\/v2\/posts\/115253\/revisions"}],"predecessor-version":[{"id":115255,"href":"https:\/\/tvbrazilusa.com\/pt\/wp-json\/wp\/v2\/posts\/115253\/revisions\/115255"}],"wp:featuredmedia":[{"embeddable":true,"href":"https:\/\/tvbrazilusa.com\/pt\/wp-json\/wp\/v2\/media\/115254"}],"wp:attachment":[{"href":"https:\/\/tvbrazilusa.com\/pt\/wp-json\/wp\/v2\/media?parent=115253"}],"wp:term":[{"taxonomy":"category","embeddable":true,"href":"https:\/\/tvbrazilusa.com\/pt\/wp-json\/wp\/v2\/categories?post=115253"},{"taxonomy":"post_tag","embeddable":true,"href":"https:\/\/tvbrazilusa.com\/pt\/wp-json\/wp\/v2\/tags?post=115253"}],"curies":[{"name":"wp","href":"https:\/\/api.w.org\/{rel}","templated":true}]}}