{"id":115256,"date":"2025-03-30T19:23:07","date_gmt":"2025-03-30T19:23:07","guid":{"rendered":"https:\/\/tvbrazilusa.com\/2025\/03\/30\/uso-militar-nao-esta-descartado-por-trump-para-anexacao-da-groenlandia\/"},"modified":"2025-03-30T19:23:09","modified_gmt":"2025-03-30T19:23:09","slug":"uso-militar-nao-esta-descartado-por-trump-para-anexacao-da-groenlandia","status":"publish","type":"post","link":"https:\/\/tvbrazilusa.com\/pt\/2025\/03\/30\/uso-militar-nao-esta-descartado-por-trump-para-anexacao-da-groenlandia\/","title":{"rendered":"Uso militar n\u00e3o est\u00e1 descartado por Trump para anexa\u00e7\u00e3o da Groenl\u00e2ndia"},"content":{"rendered":"<p> <script async src=\"https:\/\/pagead2.googlesyndication.com\/pagead\/js\/adsbygoogle.js?client=ca-pub-8864793242727901\"\r\n     crossorigin=\"anonymous\"><\/script><br \/>\n<\/p>\n<div id=\"taboola-read-more\" style=\"display:block; width:100%\">\n<p>O presidente dos Estados Unidos, Donald Trump (foto), afirmou neste s\u00e1bado, 29, que \u201cnunca descarta o uso de for\u00e7a militar\u201d para adquirir a Groenl\u00e2ndia.\n<\/p>\n<p>Em entrevista \u00e0 NBC News, o republicano disse acreditar que h\u00e1 uma \u201cboa possibilidade\u201d de conseguir a anexa\u00e7\u00e3o sem recorrer \u00e0 for\u00e7a, mas refor\u00e7ou que todas as op\u00e7\u00f5es seguem na mesa.<\/p>\n<p><strong\/>\u201cIsso \u00e9 paz mundial, isso \u00e9 seguran\u00e7a internacional\u201d, disse, acrescentando: \u201cN\u00e3o descarto nada\u201d.\n<\/p>\n<p>A declara\u00e7\u00e3o foi feita ap\u00f3s o ministro das Rela\u00e7\u00f5es Exteriores da Dinamarca, Lars L\u00f8kke Rasmussen, criticar a postura do governo Trump.\n<\/p>\n<p>\u201cN\u00e3o apreciamos o tom. N\u00e3o \u00e9 assim que se fala com aliados pr\u00f3ximos\u201d, disse Rasmussen, em resposta a acusa\u00e7\u00f5es de Washington sobre investimentos insuficientes na seguran\u00e7a da Groenl\u00e2ndia. A Groenl\u00e2ndia \u00e9 um territ\u00f3rio da Dinamarca, aliada da Otan.\u00a0\n<\/p>\n<p><strong>Visita de JD Vance<\/strong>\n<\/p>\n<p>Na sexta-feira, 28, o vice-presidente dos EUA, JD Vance, esteve na ilha para inspecionar tropas americanas na Base Espacial Pituffik, uma regi\u00e3o rica em minerais estrat\u00e9gicos.\n<\/p>\n<p>Durante a visita, Vance afirmou que os dinamarqueses \u201cn\u00e3o t\u00eam feito um bom trabalho\u201d na administra\u00e7\u00e3o do territ\u00f3rio e sugeriu que a Groenl\u00e2ndia deveria buscar independ\u00eancia da Dinamarca para se aproximar dos EUA.\n<\/p>\n<p>A viagem provocou indigna\u00e7\u00e3o entre dinamarqueses e groenlandeses, que denunciaram a a\u00e7\u00e3o como interfer\u00eancia estrangeira. O premi\u00ea interino da Groenl\u00e2ndia, Mute Egede, classificou a visita como uma \u201cpress\u00e3o inaceit\u00e1vel\u201d.\n<\/p>\n<p>Protestos for\u00e7aram mudan\u00e7as na agenda, e Vance cancelou um evento que participaria ao lado da esposa.\n<\/p>\n<p><strong>A posi\u00e7\u00e3o de Trump<\/strong>\n<\/p>\n<p>Trump j\u00e1 havia declarado, dias antes, que os EUA precisam da Groenl\u00e2ndia por quest\u00f5es de seguran\u00e7a e sugeriu que a Dinamarca deveria ceder o territ\u00f3rio.\n<\/p>\n<p>\u201cPrecisamos da Groenl\u00e2ndia, e o mundo precisa que a tenhamos\u201d, disse o presidente americano. Questionado sobre a rea\u00e7\u00e3o do ditador russo Vladimir Putin \u00e0 iniciativa, Trump foi direto: \u201cEu n\u00e3o me importo\u201d.\n<\/p>\n<p>A Groenl\u00e2ndia, que tem cerca de 57 mil habitantes, j\u00e1 rejeitou a possibilidade de se tornar parte dos EUA. Uma pesquisa recente apontou que 85% da popula\u00e7\u00e3o se op\u00f5e \u00e0 anexa\u00e7\u00e3o.\n<\/p>\n<p>O territ\u00f3rio vem ganhando import\u00e2ncia estrat\u00e9gica na disputa pelo \u00c1rtico, onde o degelo facilita o acesso a recursos como ferro, tungst\u00eanio e terras-raras, al\u00e9m de potenciais reservas de petr\u00f3leo.\n<\/p>\n<p>Fonte: O Antagonista              <\/p>\n<\/div>\n<p><br \/>\n<br \/><a href=\"https:\/\/diariodobrasilnoticias.com.br\/noticia\/uso-militar-nao-esta-descartado-por-trump-para-anexacao-da-groenlandia-67e96da3c080a\">Source link <\/a><\/p>","protected":false},"excerpt":{"rendered":"<p>O presidente dos Estados Unidos, Donald Trump (foto), afirmou neste s\u00e1bado, 29, que \u201cnunca descarta o uso de for\u00e7a militar\u201d para adquirir a Groenl\u00e2ndia. Em entrevista \u00e0 NBC News, o&hellip;<\/p>","protected":false},"author":1,"featured_media":115257,"comment_status":"closed","ping_status":"open","sticky":false,"template":"","format":"standard","meta":{"content-type":"","footnotes":""},"categories":[16],"tags":[123,2448,5313,1267],"class_list":["post-115256","post","type-post","status-publish","format-standard","has-post-thumbnail","hentry","category-noticias","tag-brasil","tag-diario","tag-noticia","tag-noticias"],"_links":{"self":[{"href":"https:\/\/tvbrazilusa.com\/pt\/wp-json\/wp\/v2\/posts\/115256","targetHints":{"allow":["GET"]}}],"collection":[{"href":"https:\/\/tvbrazilusa.com\/pt\/wp-json\/wp\/v2\/posts"}],"about":[{"href":"https:\/\/tvbrazilusa.com\/pt\/wp-json\/wp\/v2\/types\/post"}],"author":[{"embeddable":true,"href":"https:\/\/tvbrazilusa.com\/pt\/wp-json\/wp\/v2\/users\/1"}],"replies":[{"embeddable":true,"href":"https:\/\/tvbrazilusa.com\/pt\/wp-json\/wp\/v2\/comments?post=115256"}],"version-history":[{"count":1,"href":"https:\/\/tvbrazilusa.com\/pt\/wp-json\/wp\/v2\/posts\/115256\/revisions"}],"predecessor-version":[{"id":115258,"href":"https:\/\/tvbrazilusa.com\/pt\/wp-json\/wp\/v2\/posts\/115256\/revisions\/115258"}],"wp:featuredmedia":[{"embeddable":true,"href":"https:\/\/tvbrazilusa.com\/pt\/wp-json\/wp\/v2\/media\/115257"}],"wp:attachment":[{"href":"https:\/\/tvbrazilusa.com\/pt\/wp-json\/wp\/v2\/media?parent=115256"}],"wp:term":[{"taxonomy":"category","embeddable":true,"href":"https:\/\/tvbrazilusa.com\/pt\/wp-json\/wp\/v2\/categories?post=115256"},{"taxonomy":"post_tag","embeddable":true,"href":"https:\/\/tvbrazilusa.com\/pt\/wp-json\/wp\/v2\/tags?post=115256"}],"curies":[{"name":"wp","href":"https:\/\/api.w.org\/{rel}","templated":true}]}}