{"id":115259,"date":"2025-03-30T19:39:41","date_gmt":"2025-03-30T19:39:41","guid":{"rendered":"https:\/\/tvbrazilusa.com\/2025\/03\/30\/daniel-alves-pretende-processar-ex-clube-por-danos-morais-entenda\/"},"modified":"2025-03-30T19:39:42","modified_gmt":"2025-03-30T19:39:42","slug":"daniel-alves-pretende-processar-ex-clube-por-danos-morais-entenda","status":"publish","type":"post","link":"https:\/\/tvbrazilusa.com\/pt\/2025\/03\/30\/daniel-alves-pretende-processar-ex-clube-por-danos-morais-entenda\/","title":{"rendered":"Daniel Alves pretende processar ex-clube por danos morais. Entenda"},"content":{"rendered":"<p> <script async src=\"https:\/\/pagead2.googlesyndication.com\/pagead\/js\/adsbygoogle.js?client=ca-pub-8864793242727901\"\r\n     crossorigin=\"anonymous\"><\/script><br \/>\n<\/p>\n<div id=\"taboola-read-more\" style=\"display:block; width:100%\">\n<p>Daniel Alves pretende processar o Pumas, do M\u00e9xico, por danos morais e trabalhistas. O ex-jogador\u00a0<a href=\"https:\/\/www.metropoles.com\/mundo\/daniel-alves-e-absolvido-da-acusacao-de-estupro-na-espanha\" target=\"_blank\" rel=\"noopener noreferrer\">teve a conden\u00e7\u00e3o por agress\u00e3o sexual anulada<\/a>\u00a0pelo\u00a0<a href=\"https:\/\/www.poderjudicial.es\/cgpj\/es\/Poder-Judicial\/Tribunales-Superiores-de-Justicia\/TSJ-Cataluna\/\" target=\"_blank\" rel=\"noopener noreferrer\">Tribunal Superior de Justi\u00e7a da Catalunha<\/a>\u00a0na manh\u00e3 da \u00faltima sexta-feira (28\/3).\u00daltimo clube da carreira de Daniel Alves, o Pumas rescindiu o contrato com o ex-lateral ap\u00f3s a\u00a0<a href=\"https:\/\/www.metropoles.com\/esportes\/relembre-caso-que-levou-daniel-alves-a-ser-acusado-de-estupro\" target=\"_blank\" rel=\"noopener noreferrer\">acusa\u00e7\u00e3o de agess\u00e3o sexual que o ex-atleta enfrentou na Espanha<\/a>. Segundo o jornalista mexicano Ignacio Su\u00e1rez, Alvez vai acionar o ex-clube com uma a\u00e7\u00e3o c\u00edvel por danos morais, uma a\u00e7\u00e3o criminal por difama\u00e7\u00e3o e uma a\u00e7\u00e3o trabalhista por demiss\u00e3o sem justa causa.\n<\/p>\n<p>O processo trabalhista cobra o pagamento de sal\u00e1rios cancelados com a demiss\u00e3o do ex-lateral. Daniel Alves pode receber at\u00e9 2 milh\u00f5es de d\u00f3lares (aproximadamente R$ 11,5 milh\u00f5es) caso ven\u00e7a a a\u00e7\u00e3o na justi\u00e7a.<\/p>\n<p>Vale destacar que o Pumas perdeu a primeira batalha judicial contra Dani Alves. Em sua primeira audi\u00eancia no TAS, o tribunal decidiu que o clube havia rescindido unilateralmente o contrato. O time mexicano\u00a0<a href=\"https:\/\/www.metropoles.com\/esportes\/pumas-processa-daniel-alves-por-violacao-de-contrato-entenda\" target=\"_blank\" rel=\"noopener noreferrer\">processava o ex-lateral por suposto descumprimento contratual do atleta<\/a>.\n<\/p>\n<h4>Anula\u00e7\u00e3o da senten\u00e7a<\/h4>\n<p>A Justi\u00e7a espanhola anulou as senten\u00e7as contra o ex-jogador do Barcelona sob a alega\u00e7\u00e3o de que as provas n\u00e3o eram suficientes para sustentar a culpa do ex-lateral da Sele\u00e7\u00e3o Brasileira no caso da suposta agress\u00e3o sexual a uma jovem em uma boate em Barcelona, na noite de 31 de dezembro de 2022.\n<\/p>\n<p>A decis\u00e3o foi proferida pelo Tribunal Superior de Justi\u00e7a da Catalunha. De forma un\u00e2nime, os magistrados discordaram da condena\u00e7\u00e3o em primeira inst\u00e2ncia, argumentando que a senten\u00e7a original apresentava \u201clacunas, imprecis\u00f5es, inconsist\u00eancias e contradi\u00e7\u00f5es sobre os fatos, a avalia\u00e7\u00e3o jur\u00eddica e suas consequ\u00eancias\u201dom isso, todas as medidas cautelares contra Daniel Alves foram revogadas. A decis\u00e3o foi assinada pelas magistradas Mar\u00eda \u00c0ngels Vivas (relatora), Roser Bach e Mar\u00eda Jes\u00fas Manzano, al\u00e9m do magistrado Manuel \u00c1lvarez.\n<\/p>\n<p>Com informa\u00e7\u00f5es metr\u00f3poles.              <\/p>\n<\/div>\n<p><br \/>\n<br \/><a href=\"https:\/\/diariodobrasilnoticias.com.br\/noticia\/daniel-alves-pretende-processar-ex-clube-por-danos-morais-entenda-67e981701d436\">Source link <\/a><\/p>","protected":false},"excerpt":{"rendered":"<p>Daniel Alves pretende processar o Pumas, do M\u00e9xico, por danos morais e trabalhistas. O ex-jogador\u00a0teve a conden\u00e7\u00e3o por agress\u00e3o sexual anulada\u00a0pelo\u00a0Tribunal Superior de Justi\u00e7a da Catalunha\u00a0na manh\u00e3 da \u00faltima sexta-feira&hellip;<\/p>","protected":false},"author":1,"featured_media":115260,"comment_status":"closed","ping_status":"open","sticky":false,"template":"","format":"standard","meta":{"content-type":"","footnotes":""},"categories":[16],"tags":[123,2448,5313,1267],"class_list":["post-115259","post","type-post","status-publish","format-standard","has-post-thumbnail","hentry","category-noticias","tag-brasil","tag-diario","tag-noticia","tag-noticias"],"_links":{"self":[{"href":"https:\/\/tvbrazilusa.com\/pt\/wp-json\/wp\/v2\/posts\/115259","targetHints":{"allow":["GET"]}}],"collection":[{"href":"https:\/\/tvbrazilusa.com\/pt\/wp-json\/wp\/v2\/posts"}],"about":[{"href":"https:\/\/tvbrazilusa.com\/pt\/wp-json\/wp\/v2\/types\/post"}],"author":[{"embeddable":true,"href":"https:\/\/tvbrazilusa.com\/pt\/wp-json\/wp\/v2\/users\/1"}],"replies":[{"embeddable":true,"href":"https:\/\/tvbrazilusa.com\/pt\/wp-json\/wp\/v2\/comments?post=115259"}],"version-history":[{"count":1,"href":"https:\/\/tvbrazilusa.com\/pt\/wp-json\/wp\/v2\/posts\/115259\/revisions"}],"predecessor-version":[{"id":115261,"href":"https:\/\/tvbrazilusa.com\/pt\/wp-json\/wp\/v2\/posts\/115259\/revisions\/115261"}],"wp:featuredmedia":[{"embeddable":true,"href":"https:\/\/tvbrazilusa.com\/pt\/wp-json\/wp\/v2\/media\/115260"}],"wp:attachment":[{"href":"https:\/\/tvbrazilusa.com\/pt\/wp-json\/wp\/v2\/media?parent=115259"}],"wp:term":[{"taxonomy":"category","embeddable":true,"href":"https:\/\/tvbrazilusa.com\/pt\/wp-json\/wp\/v2\/categories?post=115259"},{"taxonomy":"post_tag","embeddable":true,"href":"https:\/\/tvbrazilusa.com\/pt\/wp-json\/wp\/v2\/tags?post=115259"}],"curies":[{"name":"wp","href":"https:\/\/api.w.org\/{rel}","templated":true}]}}