{"id":115262,"date":"2025-03-30T19:51:51","date_gmt":"2025-03-30T19:51:51","guid":{"rendered":"https:\/\/tvbrazilusa.com\/2025\/03\/30\/trump-diz-estar-irritado-com-putin-e-novas-tarifas-a-russia-podem-ser-aplicadas\/"},"modified":"2025-03-30T19:51:53","modified_gmt":"2025-03-30T19:51:53","slug":"trump-diz-estar-irritado-com-putin-e-novas-tarifas-a-russia-podem-ser-aplicadas","status":"publish","type":"post","link":"https:\/\/tvbrazilusa.com\/pt\/2025\/03\/30\/trump-diz-estar-irritado-com-putin-e-novas-tarifas-a-russia-podem-ser-aplicadas\/","title":{"rendered":"Trump diz estar &#8216;irritado&#8217; com Putin e novas tarifas \u00e0 R\u00fassia podem ser aplicadas"},"content":{"rendered":"<p> <script async src=\"https:\/\/pagead2.googlesyndication.com\/pagead\/js\/adsbygoogle.js?client=ca-pub-8864793242727901\"\r\n     crossorigin=\"anonymous\"><\/script><br \/>\n<\/p>\n<div id=\"taboola-read-more\" style=\"display:block; width:100%\">\n<p>O presidente Donald Trump declarou que est\u00e1 \u201cirritado\u201d com o presidente russo Vladimir Putin, dizendo \u00e0 NBC News em uma entrevista por telefone no s\u00e1bado (29) que ele poderia impor tarifas adicionais sobre o petr\u00f3leo russo, se o l\u00edder do Kremlin n\u00e3o cooperasse nas negocia\u00e7\u00f5es em andamento para acabar com sua guerra na Ucr\u00e2nia.\n<\/p>\n<p>\u201cFiquei muito irritado quando Putin come\u00e7ou a mexer na credibilidade de Zelensky, porque isso n\u00e3o est\u00e1 indo para o lugar certo, entende?\u201d Trump expressou na entrevista com a apresentadora do \u201cMeet the Press\u201d Kristen Welker, que relatou mais sobre a discuss\u00e3o neste domingo (30).<\/p>\n<p>O presidente americano se referiu ao l\u00edder russo discutir a necessidade, em sua opini\u00e3o, de uma nova lideran\u00e7a na Ucr\u00e2nia.\n<\/p>\n<p>\u201cMas uma nova lideran\u00e7a significa que voc\u00ea n\u00e3o ter\u00e1 um acordo por um longo tempo, certo?\u201d, disse Trump.\n<\/p>\n<p>O presidente dos EUA alertou que a falha em chegar em uma resolu\u00e7\u00e3o poderia resultar em tarifas secund\u00e1rias.\n<\/p>\n<p>\u201cSe a R\u00fassia e eu n\u00e3o conseguirmos fazer um acordo para parar o derramamento de sangue na Ucr\u00e2nia, e se eu achar que foi culpa da R\u00fassia \u2014 podendo n\u00e3o ser \u2014 mas se eu achar que foi culpa da R\u00fassia, vou colocar tarifas secund\u00e1rias sobre o petr\u00f3leo, sobre todo o petr\u00f3leo que sai da R\u00fassia\u201d, continuou ele.\n<\/p>\n<p>Questionado se falaria com Putin esta semana, Trump disse: \u201cSim\u201d. Ele tamb\u00e9m falou \u00e0 apresentadora que o l\u00edder do Kremlin est\u00e1 ciente de que ele est\u00e1 bravo.\n<\/p>\n<p>O tom cr\u00edtico de Trump contrasta fortemente com as pr\u00f3prias palavras sobre o presidente ucraniano Volodymyr Zelensky e seus pr\u00f3prios apelos por elei\u00e7\u00f5es para o pa\u00eds devastado pela guerra.\n<\/p>\n<p>Fonte: CNN              <\/p>\n<\/div>\n<p><br \/>\n<br \/><a href=\"https:\/\/diariodobrasilnoticias.com.br\/noticia\/trump-diz-estar-irritado-com-putin-e-novas-tarifas-a-russia-podem-ser-aplicadas-67e979667abd7\">Source link <\/a><\/p>","protected":false},"excerpt":{"rendered":"<p>O presidente Donald Trump declarou que est\u00e1 \u201cirritado\u201d com o presidente russo Vladimir Putin, dizendo \u00e0 NBC News em uma entrevista por telefone no s\u00e1bado (29) que ele poderia impor&hellip;<\/p>","protected":false},"author":1,"featured_media":115263,"comment_status":"closed","ping_status":"open","sticky":false,"template":"","format":"standard","meta":{"content-type":"","footnotes":""},"categories":[16],"tags":[123,2448,5313,1267],"class_list":["post-115262","post","type-post","status-publish","format-standard","has-post-thumbnail","hentry","category-noticias","tag-brasil","tag-diario","tag-noticia","tag-noticias"],"_links":{"self":[{"href":"https:\/\/tvbrazilusa.com\/pt\/wp-json\/wp\/v2\/posts\/115262","targetHints":{"allow":["GET"]}}],"collection":[{"href":"https:\/\/tvbrazilusa.com\/pt\/wp-json\/wp\/v2\/posts"}],"about":[{"href":"https:\/\/tvbrazilusa.com\/pt\/wp-json\/wp\/v2\/types\/post"}],"author":[{"embeddable":true,"href":"https:\/\/tvbrazilusa.com\/pt\/wp-json\/wp\/v2\/users\/1"}],"replies":[{"embeddable":true,"href":"https:\/\/tvbrazilusa.com\/pt\/wp-json\/wp\/v2\/comments?post=115262"}],"version-history":[{"count":1,"href":"https:\/\/tvbrazilusa.com\/pt\/wp-json\/wp\/v2\/posts\/115262\/revisions"}],"predecessor-version":[{"id":115264,"href":"https:\/\/tvbrazilusa.com\/pt\/wp-json\/wp\/v2\/posts\/115262\/revisions\/115264"}],"wp:featuredmedia":[{"embeddable":true,"href":"https:\/\/tvbrazilusa.com\/pt\/wp-json\/wp\/v2\/media\/115263"}],"wp:attachment":[{"href":"https:\/\/tvbrazilusa.com\/pt\/wp-json\/wp\/v2\/media?parent=115262"}],"wp:term":[{"taxonomy":"category","embeddable":true,"href":"https:\/\/tvbrazilusa.com\/pt\/wp-json\/wp\/v2\/categories?post=115262"},{"taxonomy":"post_tag","embeddable":true,"href":"https:\/\/tvbrazilusa.com\/pt\/wp-json\/wp\/v2\/tags?post=115262"}],"curies":[{"name":"wp","href":"https:\/\/api.w.org\/{rel}","templated":true}]}}