{"id":115268,"date":"2025-03-30T20:17:46","date_gmt":"2025-03-30T20:17:46","guid":{"rendered":"https:\/\/tvbrazilusa.com\/2025\/03\/30\/hugo-motta-quer-ouvir-governo-e-oposicao-sobre-pl-da-anistia\/"},"modified":"2025-03-30T20:17:51","modified_gmt":"2025-03-30T20:17:51","slug":"hugo-motta-quer-ouvir-governo-e-oposicao-sobre-pl-da-anistia","status":"publish","type":"post","link":"https:\/\/tvbrazilusa.com\/pt\/2025\/03\/30\/hugo-motta-quer-ouvir-governo-e-oposicao-sobre-pl-da-anistia\/","title":{"rendered":"Hugo Motta quer ouvir governo e oposi\u00e7\u00e3o sobre PL da Anistia"},"content":{"rendered":"<p> <script async src=\"https:\/\/pagead2.googlesyndication.com\/pagead\/js\/adsbygoogle.js?client=ca-pub-8864793242727901\"\r\n     crossorigin=\"anonymous\"><\/script><br \/>\n<\/p>\n<div id=\"taboola-read-more\" style=\"display:block; width:100%\">\n<p>De volta ao Brasil, o presidente da C\u00e2mara dos Deputados, Hugo Motta (Republicano-PB), dedicar\u00e1 a semana para debate o destino do PL da Anistia.\n<\/p>\n<p>Em viagem \u00e0 \u00c1sia, o presidente da Casa Legislativa disse a interlocutores que ir\u00e1 come\u00e7ar a discuss\u00e3o nesta semana e pretende tomar uma decis\u00e3o at\u00e9 o final de abril.<\/p>\n<p>Para isso, Hugo\u00a0<a href=\"https:\/\/www.cnnbrasil.com.br\/politica\/lider-do-pl-diz-a-cnn-que-hugo-motta-ira-discutir-anistia-na-proxima-semana\/\">deve ter encontros reservados com os l\u00edderes do PL<\/a>\u00a0e do PT. O assunto deve ser abordado j\u00e1 na pr\u00f3xima reuni\u00e3o de l\u00edderes partid\u00e1rios, marcada para ter\u00e7a-feira (1).\n<\/p>\n<p>Hoje, a tend\u00eancia \u00e9 de que o presidente da Casa Legislativa\u00a0<a href=\"https:\/\/www.cnnbrasil.com.br\/politica\/entenda-o-projeto-da-anistia-defendido-pela-oposicao-em-ato-com-bolsonaro\/\">submeta o projeto a uma comiss\u00e3o especial<\/a>, como parte do acordo que havia sido firmado por seu antecessor, Arthur Lira (PP-AL).Antes, no entanto, vai avaliar se a solu\u00e7\u00e3o ainda tem respaldo entre l\u00edderes partid\u00e1rios das demais legendas, j\u00e1 que a proposta\u00a0<a href=\"https:\/\/www.cnnbrasil.com.br\/politica\/oposicao-pl-anistia-articulacao\/\">tem ganhado apoio junto a partidos de centro-direita<\/a>.\n<\/p>\n<p>O PL, de Jair Bolsonaro, defende que a iniciativa seja remetida diretamente ao plen\u00e1rio da C\u00e2mara dos Deputados. Hugo, por\u00e9m, j\u00e1 sinalizou ser contra.\n<\/p>\n<p>Seja como for, o grande desafio da oposi\u00e7\u00e3o est\u00e1 do outro lado do Congresso. O presidente do Senado, Davi Alcolumbre (Uni\u00e3o Brasil-AP),\u00a0<a href=\"https:\/\/www.cnnbrasil.com.br\/politica\/alcolumbre-resiste-a-pautar-anistia-no-senado\/\">tem dito que a proposta n\u00e3o \u00e9 prioridade<\/a>\u00a0e que dificilmente ser\u00e1 pautada neste ano.\n<\/p>\n<p>Com informa\u00e7\u00f5es cnn brasil              <\/p>\n<\/div>\n<p><br \/>\n<br \/><a href=\"https:\/\/diariodobrasilnoticias.com.br\/noticia\/hugo-motta-quer-ouvir-governo-e-oposicao-sobre-pl-da-anistia-67e99a2f72bc4\">Source link <\/a><\/p>","protected":false},"excerpt":{"rendered":"<p>De volta ao Brasil, o presidente da C\u00e2mara dos Deputados, Hugo Motta (Republicano-PB), dedicar\u00e1 a semana para debate o destino do PL da Anistia. Em viagem \u00e0 \u00c1sia, o presidente&hellip;<\/p>","protected":false},"author":1,"featured_media":115269,"comment_status":"closed","ping_status":"open","sticky":false,"template":"","format":"standard","meta":{"content-type":"","footnotes":""},"categories":[16],"tags":[123,2448,5313,1267],"class_list":["post-115268","post","type-post","status-publish","format-standard","has-post-thumbnail","hentry","category-noticias","tag-brasil","tag-diario","tag-noticia","tag-noticias"],"_links":{"self":[{"href":"https:\/\/tvbrazilusa.com\/pt\/wp-json\/wp\/v2\/posts\/115268","targetHints":{"allow":["GET"]}}],"collection":[{"href":"https:\/\/tvbrazilusa.com\/pt\/wp-json\/wp\/v2\/posts"}],"about":[{"href":"https:\/\/tvbrazilusa.com\/pt\/wp-json\/wp\/v2\/types\/post"}],"author":[{"embeddable":true,"href":"https:\/\/tvbrazilusa.com\/pt\/wp-json\/wp\/v2\/users\/1"}],"replies":[{"embeddable":true,"href":"https:\/\/tvbrazilusa.com\/pt\/wp-json\/wp\/v2\/comments?post=115268"}],"version-history":[{"count":1,"href":"https:\/\/tvbrazilusa.com\/pt\/wp-json\/wp\/v2\/posts\/115268\/revisions"}],"predecessor-version":[{"id":115270,"href":"https:\/\/tvbrazilusa.com\/pt\/wp-json\/wp\/v2\/posts\/115268\/revisions\/115270"}],"wp:featuredmedia":[{"embeddable":true,"href":"https:\/\/tvbrazilusa.com\/pt\/wp-json\/wp\/v2\/media\/115269"}],"wp:attachment":[{"href":"https:\/\/tvbrazilusa.com\/pt\/wp-json\/wp\/v2\/media?parent=115268"}],"wp:term":[{"taxonomy":"category","embeddable":true,"href":"https:\/\/tvbrazilusa.com\/pt\/wp-json\/wp\/v2\/categories?post=115268"},{"taxonomy":"post_tag","embeddable":true,"href":"https:\/\/tvbrazilusa.com\/pt\/wp-json\/wp\/v2\/tags?post=115268"}],"curies":[{"name":"wp","href":"https:\/\/api.w.org\/{rel}","templated":true}]}}