{"id":115289,"date":"2025-03-30T21:55:07","date_gmt":"2025-03-30T21:55:07","guid":{"rendered":"https:\/\/tvbrazilusa.com\/2025\/03\/30\/mulher-e-presa-com-15-kg-de-cocaina-no-aeroporto-do-galeao-rj\/"},"modified":"2025-03-30T21:55:12","modified_gmt":"2025-03-30T21:55:12","slug":"mulher-e-presa-com-15-kg-de-cocaina-no-aeroporto-do-galeao-rj","status":"publish","type":"post","link":"https:\/\/tvbrazilusa.com\/pt\/2025\/03\/30\/mulher-e-presa-com-15-kg-de-cocaina-no-aeroporto-do-galeao-rj\/","title":{"rendered":"Mulher \u00e9 presa com 1,5 kg de coca\u00edna no Aeroporto do Gale\u00e3o (RJ)"},"content":{"rendered":"<p> <script async src=\"https:\/\/pagead2.googlesyndication.com\/pagead\/js\/adsbygoogle.js?client=ca-pub-8864793242727901\"\r\n     crossorigin=\"anonymous\"><\/script><br \/>\n<\/p>\n<p>Uma mulher foi presa em flagrante pela Pol\u00edcia Federal por transportar cerca de 1,5kg de coca\u00edna escondida nas suas roupas, no Aeroporto Internacional do Gale\u00e3o, no Rio de Janeiro, na noite deste s\u00e1bado (29).\n<\/p>\n<div id=\"mid2\" data-google-query-id=\"CInGx8_CsowDFdl1pAQdIv80Og\">A detida, de 22 anos, iria embarcar em um voo comercial com destino a Lisboa, em Portugal, na Europa.<\/p>\n<p>As drogas foram identificadas escondidas sob as roupas da passageira durante fiscaliza\u00e7\u00f5es de rotina realizadas pelos agentes da Delegacia Especial da PF no Aeroporto Internacional do Rio de Janeiro (DEAIN).<\/p>\n<p>A mulher responder\u00e1 pelo crime de tr\u00e1fico internacional de drogas e a pena pode chegar a at\u00e9 25 anos de pris\u00e3o. A suspeita ser\u00e1 encaminhada ao sistema prisional do estado e permanecer\u00e1 \u00e0 disposi\u00e7\u00e3o da Justi\u00e7a.\n<\/p>\n<p>Com informa\u00e7\u00f5es cnn brasil\n<\/p>\n<\/div>\n<p><br \/>\n<br \/><a href=\"https:\/\/diariodobrasilnoticias.com.br\/noticia\/mulher-e-presa-com-1-5-kg-de-cocaina-no-aeroporto-do-galeao-rj-67e999ab2760f\">Source link <\/a><\/p>","protected":false},"excerpt":{"rendered":"<p>Uma mulher foi presa em flagrante pela Pol\u00edcia Federal por transportar cerca de 1,5kg de coca\u00edna escondida nas suas roupas, no Aeroporto Internacional do Gale\u00e3o, no Rio de Janeiro, na&hellip;<\/p>","protected":false},"author":1,"featured_media":115290,"comment_status":"closed","ping_status":"open","sticky":false,"template":"","format":"standard","meta":{"content-type":"","footnotes":""},"categories":[16],"tags":[123,2448,5313,1267],"class_list":["post-115289","post","type-post","status-publish","format-standard","has-post-thumbnail","hentry","category-noticias","tag-brasil","tag-diario","tag-noticia","tag-noticias"],"_links":{"self":[{"href":"https:\/\/tvbrazilusa.com\/pt\/wp-json\/wp\/v2\/posts\/115289","targetHints":{"allow":["GET"]}}],"collection":[{"href":"https:\/\/tvbrazilusa.com\/pt\/wp-json\/wp\/v2\/posts"}],"about":[{"href":"https:\/\/tvbrazilusa.com\/pt\/wp-json\/wp\/v2\/types\/post"}],"author":[{"embeddable":true,"href":"https:\/\/tvbrazilusa.com\/pt\/wp-json\/wp\/v2\/users\/1"}],"replies":[{"embeddable":true,"href":"https:\/\/tvbrazilusa.com\/pt\/wp-json\/wp\/v2\/comments?post=115289"}],"version-history":[{"count":1,"href":"https:\/\/tvbrazilusa.com\/pt\/wp-json\/wp\/v2\/posts\/115289\/revisions"}],"predecessor-version":[{"id":115291,"href":"https:\/\/tvbrazilusa.com\/pt\/wp-json\/wp\/v2\/posts\/115289\/revisions\/115291"}],"wp:featuredmedia":[{"embeddable":true,"href":"https:\/\/tvbrazilusa.com\/pt\/wp-json\/wp\/v2\/media\/115290"}],"wp:attachment":[{"href":"https:\/\/tvbrazilusa.com\/pt\/wp-json\/wp\/v2\/media?parent=115289"}],"wp:term":[{"taxonomy":"category","embeddable":true,"href":"https:\/\/tvbrazilusa.com\/pt\/wp-json\/wp\/v2\/categories?post=115289"},{"taxonomy":"post_tag","embeddable":true,"href":"https:\/\/tvbrazilusa.com\/pt\/wp-json\/wp\/v2\/tags?post=115289"}],"curies":[{"name":"wp","href":"https:\/\/api.w.org\/{rel}","templated":true}]}}