{"id":115295,"date":"2025-03-30T22:20:25","date_gmt":"2025-03-30T22:20:25","guid":{"rendered":"https:\/\/tvbrazilusa.com\/2025\/03\/30\/urgente-ex-tecnico-da-selecao-brasileira-e-preso\/"},"modified":"2025-03-30T22:20:29","modified_gmt":"2025-03-30T22:20:29","slug":"urgente-ex-tecnico-da-selecao-brasileira-e-preso","status":"publish","type":"post","link":"https:\/\/tvbrazilusa.com\/pt\/2025\/03\/30\/urgente-ex-tecnico-da-selecao-brasileira-e-preso\/","title":{"rendered":"URGENTE: Ex-t\u00e9cnico da Sele\u00e7\u00e3o Brasileira \u00e9 preso"},"content":{"rendered":"<p> <script async src=\"https:\/\/pagead2.googlesyndication.com\/pagead\/js\/adsbygoogle.js?client=ca-pub-8864793242727901\"\r\n     crossorigin=\"anonymous\"><\/script><br \/>\n<\/p>\n<div id=\"taboola-read-more\" style=\"display:block; width:100%\">\n<p>A Pol\u00edcia Federal deflagrou na \u00faltima quinta-feira (27) a Opera\u00e7\u00e3o Libertatis 2 e uma das pris\u00f5es efetuadas chamou aten\u00e7\u00e3o. O ex-tecnico da Sele\u00e7\u00e3o Brasileira sub-20 e ex-assessor da Secretaria Nacional de Futebol, Luis Ant\u00f4nio Verdini de Carvalho.\n<\/p>\n<p>Segundo as investiga\u00e7\u00f5es, Verdini atuava como bra\u00e7o direito do contraventor Adilsinho, chefe de uma organiza\u00e7\u00e3o criminosa ligada ao contrabando de cigarros desde 2018.<\/p>\n<p>A PF aponta que ele gerenciava movimenta\u00e7\u00f5es financeiras do grupo, que tamb\u00e9m \u00e9 acusado de trabalho escravo, tr\u00e1fico de pessoas e lavagem de dinheiro.\n<\/p>\n<p>A opera\u00e7\u00e3o cumpriu 21 mandados de pris\u00e3o e apreendeu bens estimados em R$ 350 milh\u00f5es, incluindo im\u00f3veis, carros de luxo e criptomoedas.\n<\/p>\n<p>\u00a0As investiga\u00e7\u00f5es, que come\u00e7aram h\u00e1 dois anos, revelaram f\u00e1bricas clandestinas de cigarros na Baixada Fluminense, onde paraguaios eram mantidos em condi\u00e7\u00f5es an\u00e1logas \u00e0 escravid\u00e3o. A quadrilha tamb\u00e9m contava com um servi\u00e7o paralelo de seguran\u00e7a, formado por policiais e bombeiros, que garantiam a distribui\u00e7\u00e3o ilegal dos produtos.\n<\/p>\n<p>informa\u00e7\u00f5es\u00a0jornaldacidadeonline              <\/p>\n<\/div>\n<p><br \/>\n<br \/><a href=\"https:\/\/diariodobrasilnoticias.com.br\/noticia\/urgente-ex-tecnico-da-selecao-brasileira-e-preso-67e99b262ac82\">Source link <\/a><\/p>","protected":false},"excerpt":{"rendered":"<p>A Pol\u00edcia Federal deflagrou na \u00faltima quinta-feira (27) a Opera\u00e7\u00e3o Libertatis 2 e uma das pris\u00f5es efetuadas chamou aten\u00e7\u00e3o. O ex-tecnico da Sele\u00e7\u00e3o Brasileira sub-20 e ex-assessor da Secretaria Nacional&hellip;<\/p>","protected":false},"author":1,"featured_media":115296,"comment_status":"closed","ping_status":"open","sticky":false,"template":"","format":"standard","meta":{"content-type":"","footnotes":""},"categories":[16],"tags":[123,2448,5313,1267],"class_list":["post-115295","post","type-post","status-publish","format-standard","has-post-thumbnail","hentry","category-noticias","tag-brasil","tag-diario","tag-noticia","tag-noticias"],"_links":{"self":[{"href":"https:\/\/tvbrazilusa.com\/pt\/wp-json\/wp\/v2\/posts\/115295","targetHints":{"allow":["GET"]}}],"collection":[{"href":"https:\/\/tvbrazilusa.com\/pt\/wp-json\/wp\/v2\/posts"}],"about":[{"href":"https:\/\/tvbrazilusa.com\/pt\/wp-json\/wp\/v2\/types\/post"}],"author":[{"embeddable":true,"href":"https:\/\/tvbrazilusa.com\/pt\/wp-json\/wp\/v2\/users\/1"}],"replies":[{"embeddable":true,"href":"https:\/\/tvbrazilusa.com\/pt\/wp-json\/wp\/v2\/comments?post=115295"}],"version-history":[{"count":1,"href":"https:\/\/tvbrazilusa.com\/pt\/wp-json\/wp\/v2\/posts\/115295\/revisions"}],"predecessor-version":[{"id":115297,"href":"https:\/\/tvbrazilusa.com\/pt\/wp-json\/wp\/v2\/posts\/115295\/revisions\/115297"}],"wp:featuredmedia":[{"embeddable":true,"href":"https:\/\/tvbrazilusa.com\/pt\/wp-json\/wp\/v2\/media\/115296"}],"wp:attachment":[{"href":"https:\/\/tvbrazilusa.com\/pt\/wp-json\/wp\/v2\/media?parent=115295"}],"wp:term":[{"taxonomy":"category","embeddable":true,"href":"https:\/\/tvbrazilusa.com\/pt\/wp-json\/wp\/v2\/categories?post=115295"},{"taxonomy":"post_tag","embeddable":true,"href":"https:\/\/tvbrazilusa.com\/pt\/wp-json\/wp\/v2\/tags?post=115295"}],"curies":[{"name":"wp","href":"https:\/\/api.w.org\/{rel}","templated":true}]}}