{"id":115342,"date":"2025-03-31T10:30:21","date_gmt":"2025-03-31T10:30:21","guid":{"rendered":"https:\/\/tvbrazilusa.com\/2025\/03\/31\/daniel-alves-pode-ser-indenizado-por-prisao-apos-anulacao-de-condenacao\/"},"modified":"2025-03-31T10:30:25","modified_gmt":"2025-03-31T10:30:25","slug":"daniel-alves-pode-ser-indenizado-por-prisao-apos-anulacao-de-condenacao","status":"publish","type":"post","link":"https:\/\/tvbrazilusa.com\/pt\/2025\/03\/31\/daniel-alves-pode-ser-indenizado-por-prisao-apos-anulacao-de-condenacao\/","title":{"rendered":"Daniel Alves pode ser indenizado por pris\u00e3o ap\u00f3s anula\u00e7\u00e3o de condena\u00e7\u00e3o"},"content":{"rendered":"<p> <script async src=\"https:\/\/pagead2.googlesyndication.com\/pagead\/js\/adsbygoogle.js?client=ca-pub-8864793242727901\"\r\n     crossorigin=\"anonymous\"><\/script><br \/>\n<\/p>\n<div id=\"taboola-read-more\" style=\"display:block; width:100%\">\n<p>O jogador Daniel Alves poder\u00e1 receber uma indeniza\u00e7\u00e3o do Estado espanhol por \u201cpris\u00e3o indevida\u201d, depois de a senten\u00e7a que o condenou a 4 anos e 6 meses de pris\u00e3o por agress\u00e3o sexual ser anulada na \u00faltima sexta-feira (28).\n<\/p>\n<p>Ele passou 437 dias detido entre janeiro de 2023 e mar\u00e7o de 2024.<\/p>\n<p>A legisla\u00e7\u00e3o espanhola prev\u00ea compensa\u00e7\u00e3o para pessoas que, ap\u00f3s pris\u00e3o preventiva, sejam absolvidas, desde que tenham sofrido preju\u00edzos.\u00a0\n<\/p>\n<p class=\"text\">No entanto, a lei n\u00e3o estipula valores exatos para a indeniza\u00e7\u00e3o. Um homem que passou 184 dias preso recebeu cerca de 5 mil euros (R$ 30 mil), o que equivale a 27 euros (R$ 168) por dia detido. O exemplo mais not\u00f3rio \u00e9 o de Sandro Rosell, ex-presidente do Barcelona, que ficou 645 dias em pris\u00e3o preventiva sob acusa\u00e7\u00e3o de lavagem de dinheiro. Ele pediu 29 milh\u00f5es de euros em indeniza\u00e7\u00e3o, mas recebeu apenas 18 mil euros (R$ 112 mil).\n<\/p>\n<p class=\"text\">Caso o mesmo crit\u00e9rio seja aplicado a Daniel Alves, sua indeniza\u00e7\u00e3o poderia ser fixada em cerca de 11.800 euros (R$ 73 mil).\n<\/p>\n<p class=\"text\">A advogada de Daniel Alves, In\u00eas Guardiola, afirmou \u00e0 r\u00e1dio catal\u00e3\u00a0<em>RAC1\u00a0<\/em>que ainda n\u00e3o \u00e9 o momento de discutir o pedido de indeniza\u00e7\u00e3o, pois a senten\u00e7a n\u00e3o \u00e9 definitiva e o caso pode chegar ao Tribunal Supremo da Espanha.\n<\/p>\n<p class=\"text\">J\u00e1 a advogada da denunciante, Ester Garc\u00eda, ir\u00e1 recorrer da decis\u00e3o que anulou a condena\u00e7\u00e3o.\n<\/p>\n<p class=\"text\">Ao explicarem por que anularam a condena\u00e7\u00e3o do jogador, os ju\u00edzes espanh\u00f3is afirmaram que o relato da denunciante tinha inconsist\u00eancias e que as provas cient\u00edficas n\u00e3o confirmaram totalmente os depoimentos de nenhuma das partes.\n<\/p>\n<p class=\"text\">A decis\u00e3o destacou que a acusa\u00e7\u00e3o se baseava apenas no relato da v\u00edtima e que a hip\u00f3tese acusat\u00f3ria era fr\u00e1gil. No entanto, os magistrados tamb\u00e9m ressaltaram que isso n\u00e3o significa que a vers\u00e3o de Daniel Alves seja verdadeira, apenas que as provas apresentadas n\u00e3o foram suficientes para sustentar a condena\u00e7\u00e3o.\n<\/p>\n<p class=\"text\">Com informa\u00e7\u00f5es de Terra              <\/p>\n<\/div>\n<p><br \/>\n<br \/><a href=\"https:\/\/diariodobrasilnoticias.com.br\/noticia\/daniel-alves-pode-ser-indenizado-por-prisao-apos-anulacao-de-condenacao-67ea6ca78bf4e\">Source link <\/a><\/p>","protected":false},"excerpt":{"rendered":"<p>O jogador Daniel Alves poder\u00e1 receber uma indeniza\u00e7\u00e3o do Estado espanhol por \u201cpris\u00e3o indevida\u201d, depois de a senten\u00e7a que o condenou a 4 anos e 6 meses de pris\u00e3o por&hellip;<\/p>","protected":false},"author":1,"featured_media":115343,"comment_status":"closed","ping_status":"open","sticky":false,"template":"","format":"standard","meta":{"content-type":"","footnotes":""},"categories":[16],"tags":[123,2448,5313,1267],"class_list":["post-115342","post","type-post","status-publish","format-standard","has-post-thumbnail","hentry","category-noticias","tag-brasil","tag-diario","tag-noticia","tag-noticias"],"_links":{"self":[{"href":"https:\/\/tvbrazilusa.com\/pt\/wp-json\/wp\/v2\/posts\/115342","targetHints":{"allow":["GET"]}}],"collection":[{"href":"https:\/\/tvbrazilusa.com\/pt\/wp-json\/wp\/v2\/posts"}],"about":[{"href":"https:\/\/tvbrazilusa.com\/pt\/wp-json\/wp\/v2\/types\/post"}],"author":[{"embeddable":true,"href":"https:\/\/tvbrazilusa.com\/pt\/wp-json\/wp\/v2\/users\/1"}],"replies":[{"embeddable":true,"href":"https:\/\/tvbrazilusa.com\/pt\/wp-json\/wp\/v2\/comments?post=115342"}],"version-history":[{"count":1,"href":"https:\/\/tvbrazilusa.com\/pt\/wp-json\/wp\/v2\/posts\/115342\/revisions"}],"predecessor-version":[{"id":115344,"href":"https:\/\/tvbrazilusa.com\/pt\/wp-json\/wp\/v2\/posts\/115342\/revisions\/115344"}],"wp:featuredmedia":[{"embeddable":true,"href":"https:\/\/tvbrazilusa.com\/pt\/wp-json\/wp\/v2\/media\/115343"}],"wp:attachment":[{"href":"https:\/\/tvbrazilusa.com\/pt\/wp-json\/wp\/v2\/media?parent=115342"}],"wp:term":[{"taxonomy":"category","embeddable":true,"href":"https:\/\/tvbrazilusa.com\/pt\/wp-json\/wp\/v2\/categories?post=115342"},{"taxonomy":"post_tag","embeddable":true,"href":"https:\/\/tvbrazilusa.com\/pt\/wp-json\/wp\/v2\/tags?post=115342"}],"curies":[{"name":"wp","href":"https:\/\/api.w.org\/{rel}","templated":true}]}}