{"id":115345,"date":"2025-03-31T10:43:37","date_gmt":"2025-03-31T10:43:37","guid":{"rendered":"https:\/\/tvbrazilusa.com\/2025\/03\/31\/eua-pedem-que-empresas-na-europa-respeitem-politica-antidiversidade-de-trump\/"},"modified":"2025-03-31T10:43:42","modified_gmt":"2025-03-31T10:43:42","slug":"eua-pedem-que-empresas-na-europa-respeitem-politica-antidiversidade-de-trump","status":"publish","type":"post","link":"https:\/\/tvbrazilusa.com\/pt\/2025\/03\/31\/eua-pedem-que-empresas-na-europa-respeitem-politica-antidiversidade-de-trump\/","title":{"rendered":"EUA pedem que empresas na Europa respeitem pol\u00edtica antidiversidade de Trump"},"content":{"rendered":"<p> <script async src=\"https:\/\/pagead2.googlesyndication.com\/pagead\/js\/adsbygoogle.js?client=ca-pub-8864793242727901\"\r\n     crossorigin=\"anonymous\"><\/script><br \/>\n<\/p>\n<div id=\"taboola-read-more\" style=\"display:block; width:100%\">\n<p>O governo dos Estados Unidos enviou uma carta a algumas grandes empresas da Uni\u00e3o Europeia alertando-as para cumprirem uma ordem executiva que pro\u00edbe programas de diversidade, equidade e inclus\u00e3o.\n<\/p>\n<p>A carta, enviada pela embaixada americana em Paris e outras ao redor da UE, afirmou que a ordem executiva de Donald Trump se aplicava a empresas fora dos EUA se fossem fornecedoras ou prestadoras de servi\u00e7os ao governo americano, de acordo com tr\u00eas pessoas familiarizadas com o assunto.<\/p>\n<p>As embaixadas tamb\u00e9m enviaram um question\u00e1rio que ordenava que as companhias atestassem sua conformidade. O documento, a que o jornal Financial Times teve acesso, \u00e9 intitulado &#8220;Certifica\u00e7\u00e3o sobre conformidade com a lei federal anti-discrimina\u00e7\u00e3o aplic\u00e1vel&#8221;.\n<\/p>\n<p>&#8220;Contratantes do Departamento de Estado devem certificar que n\u00e3o operam quaisquer programas que promovam DEI [diversidade, equidade e inclus\u00e3o] que violem quaisquer leis anti-discrimina\u00e7\u00e3o aplic\u00e1veis e concordar que tal certifica\u00e7\u00e3o \u00e9 material para fins da decis\u00e3o de pagamento do governo e, portanto, sujeita ao False Claims Act&#8221;, diz o documento.\n<\/p>\n<p>A carta tamb\u00e9m foi enviada por diplomatas dos EUA a estados do leste da UE e \u00e0 B\u00e9lgica, disseram pessoas familiarizadas com o tema.\n<\/p>\n<p>Os documentos parecem sinalizar que a administra\u00e7\u00e3o Trump est\u00e1 ampliando sua campanha contra DEI para empresas estrangeiras ap\u00f3s lan\u00e7ar uma repress\u00e3o contra grupos dos EUA, como a Disney.\n<\/p>\n<p>\u00a0<\/p>\n<p>Um banqueiro s\u00eanior em Paris disse que ficou chocado com a carta.\n<\/p>\n<p>O minist\u00e9rio das finan\u00e7as franc\u00eas expressou preocupa\u00e7\u00f5es depois que algumas das empresas envolvidas o notificaram sobre o movimento.\n<\/p>\n<p>&#8220;Esta pr\u00e1tica reflete os valores do novo governo dos EUA. Eles n\u00e3o s\u00e3o os mesmos que os nossos&#8221;, disse uma pessoa pr\u00f3xima ao ministro da economia da Fran\u00e7a, Eric Lombard. &#8220;O minist\u00e9rio lembrar\u00e1 seus hom\u00f3logos no governo dos EUA disso.&#8221;\n<\/p>\n<p>A exist\u00eancia da carta foi relatada pela primeira vez pelo jornal Les \u00c9chos.\n<\/p>\n<p>O movimento extraterritorial pode n\u00e3o ser aplic\u00e1vel de acordo com avalia\u00e7\u00f5es legais iniciais, ent\u00e3o alguns executivos e seus conselheiros decidiram n\u00e3o responder por enquanto, disseram duas pessoas a par do tema.\n<\/p>\n<p>Isso ocorre em meio a tens\u00f5es crescentes entre a administra\u00e7\u00e3o Trump e a Europa sobre pol\u00edtica econ\u00f4mica e de seguran\u00e7a, \u00e0 medida que os EUA se afastam de seus aliados tradicionais, especialmente no com\u00e9rcio e na invas\u00e3o da Ucr\u00e2nia pela R\u00fassia.\n<\/p>\n<p>Trump imp\u00f4s esta semana uma taxa adicional de 25% sobre importa\u00e7\u00f5es do setor automotivo nos EUA e aumentou tarifas sobre importa\u00e7\u00f5es de a\u00e7o e alum\u00ednio europeus. A UE est\u00e1 trabalhando em tarifas rec\u00edprocas em resposta, mas ainda n\u00e3o decidiu quais produtos visar.\n<\/p>\n<p>A atitude dos funcion\u00e1rios de Trump em rela\u00e7\u00e3o \u00e0 Europa foi destacada esta semana quando mensagens sobre planos de ataque dos EUA no I\u00eamen foram vazadas para a m\u00eddia americana. &#8220;Eu simplesmente odeio ter que salvar a Europa novamente&#8221;, escreveu o vice-presidente JD Vance em um grupo de chat no Signal. &#8220;\u00c9 PAT\u00c9TICO&#8221;, respondeu o secret\u00e1rio de defesa Pete Hegseth.\n<\/p>\n<p>A Fran\u00e7a tradicionalmente n\u00e3o tem sido um lugar onde programas de DEI tenham se enraizado devido a limita\u00e7\u00f5es legais na coleta de dados raciais e \u00e9tnicos. Os empregadores n\u00e3o t\u00eam permiss\u00e3o para considerar as origens das pessoas em decis\u00f5es de contrata\u00e7\u00e3o ou promo\u00e7\u00e3o.\n<\/p>\n<p>Empresas francesas que est\u00e3o potencialmente expostas \u00e0s exig\u00eancias dos EUA incluem grupos de avia\u00e7\u00e3o e defesa, prestadores de consultoria e empresas de infraestrutura. O Financial Times n\u00e3o conseguiu determinar quais empresas receberam a carta.\n<\/p>\n<p>De acordo com o Les \u00c9chos, a carta conclu\u00eda: &#8220;Se voc\u00ea n\u00e3o concordar em assinar este documento, ficar\u00edamos gratos se pudesse gentilmente nos fornecer raz\u00f5es detalhadas, que encaminharemos ao nosso departamento jur\u00eddico.&#8221;<\/p>\n<p>Fonte: Folha de S. Paulo              <\/p>\n<\/div>\n<p><br \/>\n<br \/><a href=\"https:\/\/diariodobrasilnoticias.com.br\/noticia\/eua-pedem-que-empresas-na-europa-respeitem-politica-antidiversidade-de-trump-67ea7064ab2f5\">Source link <\/a><\/p>","protected":false},"excerpt":{"rendered":"<p>O governo dos Estados Unidos enviou uma carta a algumas grandes empresas da Uni\u00e3o Europeia alertando-as para cumprirem uma ordem executiva que pro\u00edbe programas de diversidade, equidade e inclus\u00e3o. A&hellip;<\/p>","protected":false},"author":1,"featured_media":115346,"comment_status":"closed","ping_status":"open","sticky":false,"template":"","format":"standard","meta":{"content-type":"","footnotes":""},"categories":[16],"tags":[123,2448,5313,1267],"class_list":["post-115345","post","type-post","status-publish","format-standard","has-post-thumbnail","hentry","category-noticias","tag-brasil","tag-diario","tag-noticia","tag-noticias"],"_links":{"self":[{"href":"https:\/\/tvbrazilusa.com\/pt\/wp-json\/wp\/v2\/posts\/115345","targetHints":{"allow":["GET"]}}],"collection":[{"href":"https:\/\/tvbrazilusa.com\/pt\/wp-json\/wp\/v2\/posts"}],"about":[{"href":"https:\/\/tvbrazilusa.com\/pt\/wp-json\/wp\/v2\/types\/post"}],"author":[{"embeddable":true,"href":"https:\/\/tvbrazilusa.com\/pt\/wp-json\/wp\/v2\/users\/1"}],"replies":[{"embeddable":true,"href":"https:\/\/tvbrazilusa.com\/pt\/wp-json\/wp\/v2\/comments?post=115345"}],"version-history":[{"count":1,"href":"https:\/\/tvbrazilusa.com\/pt\/wp-json\/wp\/v2\/posts\/115345\/revisions"}],"predecessor-version":[{"id":115347,"href":"https:\/\/tvbrazilusa.com\/pt\/wp-json\/wp\/v2\/posts\/115345\/revisions\/115347"}],"wp:featuredmedia":[{"embeddable":true,"href":"https:\/\/tvbrazilusa.com\/pt\/wp-json\/wp\/v2\/media\/115346"}],"wp:attachment":[{"href":"https:\/\/tvbrazilusa.com\/pt\/wp-json\/wp\/v2\/media?parent=115345"}],"wp:term":[{"taxonomy":"category","embeddable":true,"href":"https:\/\/tvbrazilusa.com\/pt\/wp-json\/wp\/v2\/categories?post=115345"},{"taxonomy":"post_tag","embeddable":true,"href":"https:\/\/tvbrazilusa.com\/pt\/wp-json\/wp\/v2\/tags?post=115345"}],"curies":[{"name":"wp","href":"https:\/\/api.w.org\/{rel}","templated":true}]}}