{"id":115387,"date":"2025-03-31T13:47:21","date_gmt":"2025-03-31T13:47:21","guid":{"rendered":"https:\/\/tvbrazilusa.com\/2025\/03\/31\/michelle-bolsonaro-lidera-a-corrida-pelo-senado-no-distrito-federal\/"},"modified":"2025-03-31T13:47:23","modified_gmt":"2025-03-31T13:47:23","slug":"michelle-bolsonaro-lidera-a-corrida-pelo-senado-no-distrito-federal","status":"publish","type":"post","link":"https:\/\/tvbrazilusa.com\/pt\/2025\/03\/31\/michelle-bolsonaro-lidera-a-corrida-pelo-senado-no-distrito-federal\/","title":{"rendered":"Michelle Bolsonaro lidera a corrida pelo Senado no Distrito Federal"},"content":{"rendered":"<p> <script async src=\"https:\/\/pagead2.googlesyndication.com\/pagead\/js\/adsbygoogle.js?client=ca-pub-8864793242727901\"\r\n     crossorigin=\"anonymous\"><\/script><br \/>\n<\/p>\n<div id=\"taboola-read-more\" style=\"display:block; width:100%\">\n<p>ou\u00e7a este conte\u00fado<br \/>readme<br \/>0:001.0x<br \/>A ex-primeira-dama do pa\u00eds e atual presidente nacional do segmento feminino do Partido Liberal (PL), Michelle Bolsonaro, lidera a disputa pelo Senado no Distrito Federal. \u00c9 o que indica o levantamento que o instituto Paran\u00e1 Pesquisas divulgou na manh\u00e3 desta segunda-feira, 31.\n<\/p>\n<p>Conforme o material, Michelle aparece com 42,9% das inten\u00e7\u00f5es de voto. Na eventual disputa pelo Legislativo, Ibaneis Rocha (MDB), que cumpre o segundo mandato consecutivo como governador do Distrito Federal, aparece na vice-lideran\u00e7a, com 36,9%.<\/p>\n<p>Outros quatro nomes constam na pesquisa: a senadora Leila Barros (PDT), as deputadas federais Erika Kokay (PT) e Bia Kicis (PL) e a vice-presidente do PT no Distrito Federal, Rosilene Corr\u00eaa. Elas, conforme o Paran\u00e1 Pesquisas, registram 26,7%, 24,2%, 20,7% e 8,1%, respectivamente.\n<\/p>\n<p>De acordo com o instituto, brancos e nulos somam 7,3%. Al\u00e9m disso, 3,9% n\u00e3o souberam responder ou n\u00e3o quiseram participar da pesquisa. Cada entrevistado pode dizer os nomes dos dois candidatos que, caso a disputa eleitoral fosse hoje, receberiam seus votos.<\/p>\n<figure class=\"wp-block-image aligncenter size-full\"><picture><\/picture><figcaption class=\"wp-element-caption\">Michelle Bolsonaro: primeira coloca\u00e7\u00e3o em pesquisa para o Senado pelo DF | Foto: Reprodu\u00e7\u00e3o\/Paran\u00e1 Pesquisas<\/figcaption><\/figure>\n<\/p>\n<div class=\"autozep-outer\">Em 2026, o Distrito Federal \u2014 assim como os 26 Estados brasileiros \u2014 v\u00e3o eleger dois senadores. Al\u00e9m de Leila, Izalci Lucas (PL) \u00e9 o outro pol\u00edtico com a chance de renovar seu mandato no Senado Federal no pr\u00f3ximo ano. Ele, no entanto, \u00e9 visto como pr\u00e9-candidato ao cargo de governador.<\/p>\n<p>Michelle lidera no Senado; Celina, no governo<br \/>Enquanto Michelle Bolsonaro lidera o levantamento do Paran\u00e1 Pesquisas na corrida pelo Senado, a atual vice-governadora do Distrito Federal, Celina Le\u00e3o (PP), aparece na primeira coloca\u00e7\u00e3o na disputa pelo governo local.<\/p>\n<p>De acordo com o levantamento, Celina registra 36,6% das inten\u00e7\u00f5es de voto. Izalci ocupa a segunda posi\u00e7\u00e3o, com 11,3%. O integrante do PL est\u00e1 apenas 0,1 ponto porcentual \u00e0 frente do ex-deputado distrital e atual presidente do Instituto do Patrim\u00f4nio Hist\u00f3rico e Art\u00edstico Nacional, Leandro Grass (Rede).<\/p>\n<p>A deputada distrital Paula Belmonte aparece com 7,6%. O presidente da Ag\u00eancia Brasileira de Desenvolvimento Industrial, Ricardo Cappelli (PSB), contabiliza 5,8%. Por fim, o deputado distrital Eduardo Pedrosa (Uni\u00e3o) surge com 5,4%.<\/p>\n<\/div>\n<p>\u00a0<\/p>\n<div class=\"autozep-outer\">\n<p>Para a disputa pelo comando do Poder Executivo do Distrito Federal, 16,4% dos entrevistados disseram que n\u00e3o votariam em nenhum dos candidatos listados, anulariam ou votariam em branco. J\u00e1 5,8% n\u00e3o souberam ou n\u00e3o quiseram responder.\n<\/p>\n<p>Para a disputa pelo comando do Poder Executivo do Distrito Federal, 16,4% dos entrevistados disseram que n\u00e3o votariam em nenhum dos candidatos listados, anulariam ou votariam em branco. J\u00e1 5,8% n\u00e3o souberam ou n\u00e3o quiseram responder.<\/p>\n<figure class=\"wp-block-image aligncenter size-full\"><picture><source srcset=\"https:\/\/medias.revistaoeste.com\/wp-content\/uploads\/2025\/03\/parana-pesquisas-governo-do-distrito-federal-marco-de-2025.jpg.webp 1072w, https:\/\/medias.revistaoeste.com\/wp-content\/uploads\/2025\/03\/parana-pesquisas-governo-do-distrito-federal-marco-de-2025-300x222.jpg.webp 300w, https:\/\/medias.revistaoeste.com\/wp-content\/uploads\/2025\/03\/parana-pesquisas-governo-do-distrito-federal-marco-de-2025-150x111.jpg.webp 150w\" type=\"image\/webp\" sizes=\"(max-width: 1072px) 100vw, 1072px\" data-srcset=\"https:\/\/medias.revistaoeste.com\/wp-content\/uploads\/2025\/03\/parana-pesquisas-governo-do-distrito-federal-marco-de-2025.jpg.webp 1072w, https:\/\/medias.revistaoeste.com\/wp-content\/uploads\/2025\/03\/parana-pesquisas-governo-do-distrito-federal-marco-de-2025-300x222.jpg.webp 300w, https:\/\/medias.revistaoeste.com\/wp-content\/uploads\/2025\/03\/parana-pesquisas-governo-do-distrito-federal-marco-de-2025-150x111.jpg.webp 150w\" data-sizes=\"(max-width: 1072px) 100vw, 1072px\"\/><img fetchpriority=\"high\" decoding=\"async\" class=\"wp-image-1941126 perfmatters-lazy entered pmloaded\" sizes=\"(max-width: 1072px) 100vw, 1072px\" srcset=\"https:\/\/medias.revistaoeste.com\/wp-content\/uploads\/2025\/03\/parana-pesquisas-governo-do-distrito-federal-marco-de-2025.jpg 1072w, https:\/\/medias.revistaoeste.com\/wp-content\/uploads\/2025\/03\/parana-pesquisas-governo-do-distrito-federal-marco-de-2025-300x222.jpg 300w, https:\/\/medias.revistaoeste.com\/wp-content\/uploads\/2025\/03\/parana-pesquisas-governo-do-distrito-federal-marco-de-2025-150x111.jpg 150w\" alt=\"paran\u00e1 pesquisas - governo do distrito federal - marco de 2025\" width=\"1072\" height=\"792\" data-eio=\"p\" src=\"https:\/\/medias.revistaoeste.com\/wp-content\/uploads\/2025\/03\/parana-pesquisas-governo-do-distrito-federal-marco-de-2025.jpg\" data-sizes=\"(max-width: 1072px) 100vw, 1072px\" data-ll-status=\"loaded\"\/><\/picture><figcaption class=\"wp-element-caption\">Celina Le\u00e3o, que lidera levantamento, \u00e9 a atual vice-governadora do Distrito Federal | Foto: Reprodu\u00e7\u00e3o\/Paran\u00e1 Pesquisas<\/figcaption><\/figure>\n<\/p>\n<\/div>\n<p>Dados da pesquisa<br \/>A equipe do Paran\u00e1 Pesquisas entrevistou 1,6 mi eleitores em potencial no Distrito Federal. O trabalho de campo ocorreu de 21 a 25 de mar\u00e7o.\n<\/p>\n<p>Com esse volume de amostra, o instituto avisa que a margem de erro do levantamento \u00e9 de 2,5 pontos porcentuais \u2014 para mais ou para menos \u2014 nos resultados gerais. Dessa forma, alega-se que o grau de confian\u00e7a do material \u00e9 de 95%.<\/p>\n<p>Fonte: Revista Oeste              <\/p>\n<\/div>\n<p><br \/>\n<br \/><a href=\"https:\/\/diariodobrasilnoticias.com.br\/noticia\/michelle-bolsonaro-lidera-a-corrida-pelo-senado-no-distrito-federal-67ea77f7bcfaf\">Source link <\/a><\/p>","protected":false},"excerpt":{"rendered":"<p>ou\u00e7a este conte\u00fadoreadme0:001.0xA ex-primeira-dama do pa\u00eds e atual presidente nacional do segmento feminino do Partido Liberal (PL), Michelle Bolsonaro, lidera a disputa pelo Senado no Distrito Federal. \u00c9 o que&hellip;<\/p>","protected":false},"author":1,"featured_media":115388,"comment_status":"closed","ping_status":"open","sticky":false,"template":"","format":"standard","meta":{"content-type":"","footnotes":""},"categories":[16],"tags":[123,2448,5313,1267],"class_list":["post-115387","post","type-post","status-publish","format-standard","has-post-thumbnail","hentry","category-noticias","tag-brasil","tag-diario","tag-noticia","tag-noticias"],"_links":{"self":[{"href":"https:\/\/tvbrazilusa.com\/pt\/wp-json\/wp\/v2\/posts\/115387","targetHints":{"allow":["GET"]}}],"collection":[{"href":"https:\/\/tvbrazilusa.com\/pt\/wp-json\/wp\/v2\/posts"}],"about":[{"href":"https:\/\/tvbrazilusa.com\/pt\/wp-json\/wp\/v2\/types\/post"}],"author":[{"embeddable":true,"href":"https:\/\/tvbrazilusa.com\/pt\/wp-json\/wp\/v2\/users\/1"}],"replies":[{"embeddable":true,"href":"https:\/\/tvbrazilusa.com\/pt\/wp-json\/wp\/v2\/comments?post=115387"}],"version-history":[{"count":1,"href":"https:\/\/tvbrazilusa.com\/pt\/wp-json\/wp\/v2\/posts\/115387\/revisions"}],"predecessor-version":[{"id":115389,"href":"https:\/\/tvbrazilusa.com\/pt\/wp-json\/wp\/v2\/posts\/115387\/revisions\/115389"}],"wp:featuredmedia":[{"embeddable":true,"href":"https:\/\/tvbrazilusa.com\/pt\/wp-json\/wp\/v2\/media\/115388"}],"wp:attachment":[{"href":"https:\/\/tvbrazilusa.com\/pt\/wp-json\/wp\/v2\/media?parent=115387"}],"wp:term":[{"taxonomy":"category","embeddable":true,"href":"https:\/\/tvbrazilusa.com\/pt\/wp-json\/wp\/v2\/categories?post=115387"},{"taxonomy":"post_tag","embeddable":true,"href":"https:\/\/tvbrazilusa.com\/pt\/wp-json\/wp\/v2\/tags?post=115387"}],"curies":[{"name":"wp","href":"https:\/\/api.w.org\/{rel}","templated":true}]}}