{"id":115396,"date":"2025-03-31T14:27:53","date_gmt":"2025-03-31T14:27:53","guid":{"rendered":"https:\/\/tvbrazilusa.com\/2025\/03\/31\/carla-zambelli-entra-em-rota-de-colisao-com-bolsonaro\/"},"modified":"2025-03-31T14:27:55","modified_gmt":"2025-03-31T14:27:55","slug":"carla-zambelli-entra-em-rota-de-colisao-com-bolsonaro","status":"publish","type":"post","link":"https:\/\/tvbrazilusa.com\/pt\/2025\/03\/31\/carla-zambelli-entra-em-rota-de-colisao-com-bolsonaro\/","title":{"rendered":"Carla Zambelli entra em rota de colis\u00e3o com Bolsonaro"},"content":{"rendered":"<p> <script async src=\"https:\/\/pagead2.googlesyndication.com\/pagead\/js\/adsbygoogle.js?client=ca-pub-8864793242727901\"\r\n     crossorigin=\"anonymous\"><\/script><br \/>\n<\/p>\n<div>\n<figure class=\"post-image\">\n<\/figure>\n<p>            <span style=\"font-size: 12px\"> Vinicius Loures\/C\u00e2mara dos Deputados<\/span><\/p>\n<p>            <!-- end metas --><br \/>\n            <!-- ADS --><\/p>\n<div id=\"taboola-read-more\" style=\"display:block; width:100%\">\n<p>Uma importante aliada do ex-presidente Jair Bolsonaro (PL) durante seu mandato, a deputada federal Carla Zambelli (PL-SP) afirma ter sido abandonada por ele. A declara\u00e7\u00e3o foi feita em uma entrevista concedida \u00e0 Folha de S. Paulo e publicada neste domingo (30).<\/p>\n<p>&#8220;Fui uma das pessoas mais linha de frente dentro do Congresso para poder defender o governo, o presidente. Esperava ter algum tipo de retribui\u00e7\u00e3o em rela\u00e7\u00e3o a isso. Ou seja, contar com a amizade dele nesse momento dif\u00edcil. Mas acho que n\u00e3o s\u00f3 eu como outras pessoas tamb\u00e9m perderam a amizade do presidente no momento que precisaram&#8221;, disse Zambelli.<\/p>\n<p>Na \u00faltima semana, o Supremo Tribunal Federal (STF) formou maioria para conden\u00e1-la a cinco anos e tr\u00eas meses de pris\u00e3o e \u00e0 perda do mandato por porte ilegal de arma de fogo e constrangimento ilegal com emprego de arma. A decis\u00e3o se refere ao ocorrido na v\u00e9spera da elei\u00e7\u00e3o de 2022, quando perseguiu um homem com arma em punho nas ruas de S\u00e3o Paulo.<\/p>\n<p>Questionada sobre o epis\u00f3dio, a deputada se diz arrependida. &#8220;Devia ter entrado no carro e ido embora&#8221;, declara. Apesar disso, ela manifesta esperan\u00e7a de reverter a condena\u00e7\u00e3o, alegando que possui porte federal de arma.<\/p>\n<p>Fonte: Gazeta do Povo<\/p>\n<\/p><\/div>\n<p>                        <!-- Scripts para conteudo --><\/p>\n<p>            <!-- .\/Scripts para conteudo --><br \/>\n            <!-- .\/Mat\u00e9ria --><\/p>\n<div class=\"row mt-3\">\n<div class=\"col-sm-6\">\n                <!-- Whatsapp channel 3--><br \/>\n                <a href=\"https:\/\/chat.whatsapp.com\/B8Qy6Erx4kb6yTzj3kaDco\" target=\"_blank\"><br \/>\n                  <img decoding=\"async\" src=\"https:\/\/diariodobrasilnoticias.com.br\/assets-site\/images\/bot_whatsapp.png\"\/><\/a>\n              <\/div>\n<div class=\"col-sm-6\">\n                <a href=\"https:\/\/t.me\/+_4gTmi5LKo03OTM5\" target=\"_blank\"><br \/>\n                  <img decoding=\"async\" src=\"https:\/\/diariodobrasilnoticias.com.br\/assets-site\/images\/bot_telegram.png\"\/><\/a>\n              <\/div>\n<\/p><\/div>\n<p>            <!-- end post-navigation --><\/p>\n<p>              <!-- end row --><\/p>\n<p>              <!-- end col-12-->\n                      <\/div>\n<p><br \/>\n<br \/><a href=\"https:\/\/diariodobrasilnoticias.com.br\/noticia\/carla-zambelli-entra-em-rota-de-colisao-com-bolsonaro-67ea8ce145ce1\">Source link <\/a><\/p>","protected":false},"excerpt":{"rendered":"<p>Vinicius Loures\/C\u00e2mara dos Deputados Uma importante aliada do ex-presidente Jair Bolsonaro (PL) durante seu mandato, a deputada federal Carla Zambelli (PL-SP) afirma ter sido abandonada por ele. A declara\u00e7\u00e3o foi&hellip;<\/p>","protected":false},"author":1,"featured_media":115397,"comment_status":"closed","ping_status":"open","sticky":false,"template":"","format":"standard","meta":{"content-type":"","footnotes":""},"categories":[16],"tags":[123,2448,5313,1267],"class_list":["post-115396","post","type-post","status-publish","format-standard","has-post-thumbnail","hentry","category-noticias","tag-brasil","tag-diario","tag-noticia","tag-noticias"],"_links":{"self":[{"href":"https:\/\/tvbrazilusa.com\/pt\/wp-json\/wp\/v2\/posts\/115396","targetHints":{"allow":["GET"]}}],"collection":[{"href":"https:\/\/tvbrazilusa.com\/pt\/wp-json\/wp\/v2\/posts"}],"about":[{"href":"https:\/\/tvbrazilusa.com\/pt\/wp-json\/wp\/v2\/types\/post"}],"author":[{"embeddable":true,"href":"https:\/\/tvbrazilusa.com\/pt\/wp-json\/wp\/v2\/users\/1"}],"replies":[{"embeddable":true,"href":"https:\/\/tvbrazilusa.com\/pt\/wp-json\/wp\/v2\/comments?post=115396"}],"version-history":[{"count":1,"href":"https:\/\/tvbrazilusa.com\/pt\/wp-json\/wp\/v2\/posts\/115396\/revisions"}],"predecessor-version":[{"id":115398,"href":"https:\/\/tvbrazilusa.com\/pt\/wp-json\/wp\/v2\/posts\/115396\/revisions\/115398"}],"wp:featuredmedia":[{"embeddable":true,"href":"https:\/\/tvbrazilusa.com\/pt\/wp-json\/wp\/v2\/media\/115397"}],"wp:attachment":[{"href":"https:\/\/tvbrazilusa.com\/pt\/wp-json\/wp\/v2\/media?parent=115396"}],"wp:term":[{"taxonomy":"category","embeddable":true,"href":"https:\/\/tvbrazilusa.com\/pt\/wp-json\/wp\/v2\/categories?post=115396"},{"taxonomy":"post_tag","embeddable":true,"href":"https:\/\/tvbrazilusa.com\/pt\/wp-json\/wp\/v2\/tags?post=115396"}],"curies":[{"name":"wp","href":"https:\/\/api.w.org\/{rel}","templated":true}]}}