{"id":115402,"date":"2025-03-31T14:44:20","date_gmt":"2025-03-31T14:44:20","guid":{"rendered":"https:\/\/tvbrazilusa.com\/2025\/03\/31\/empresario-endividado-em-r-170-milhoes-busca-adquirir-o-ceub\/"},"modified":"2025-03-31T14:44:22","modified_gmt":"2025-03-31T14:44:22","slug":"empresario-endividado-em-r-170-milhoes-busca-adquirir-o-ceub","status":"publish","type":"post","link":"https:\/\/tvbrazilusa.com\/pt\/2025\/03\/31\/empresario-endividado-em-r-170-milhoes-busca-adquirir-o-ceub\/","title":{"rendered":"Empres\u00e1rio endividado em R$ 170 milh\u00f5es busca adquirir o Ceub"},"content":{"rendered":"<p> <script async src=\"https:\/\/pagead2.googlesyndication.com\/pagead\/js\/adsbygoogle.js?client=ca-pub-8864793242727901\"\r\n     crossorigin=\"anonymous\"><\/script><br \/>\n<\/p>\n<div id=\"taboola-read-more\" style=\"display:block; width:100%\">\n<p>Com mais de 50 anos de exist\u00eancia, o Centro Universit\u00e1rio de Bras\u00edlia (Ceub) \u00e9 uma das principais institui\u00e7\u00f5es de ensino superior na capital federal. No entanto, o futuro da universidade corre risco de ser alterado por conta de uma poss\u00edvel compra. O empres\u00e1rio Jos\u00e9 Fernando Pinto da Costa participa de avan\u00e7adas negocia\u00e7\u00f5es para adquirir uma parte significativa do Ceub.<\/p>\n<p>Jos\u00e9 Fernando \u00e9 ligado diretamente a esc\u00e2ndalos por todo o pa\u00eds, sendo citado em milhares de processos judiciais, e com uma d\u00edvida de R$ 170 milh\u00f5es com a Uni\u00e3o. O temor \u00e9 que a presen\u00e7a do poss\u00edvel comprador no quadro societ\u00e1rio da institui\u00e7\u00e3o de ensino possa gerar preju\u00edzo \u00e0 reputa\u00e7\u00e3o financeira e moral do Centro Universit\u00e1rio de Bras\u00edlia, colocando em risco as atividades da empresa.<\/p>\n<p>Em fevereiro, s\u00f3cios do Ceub teriam anunciado a pretens\u00e3o de vender suas cotas, o que seria equivalente a mais de um ter\u00e7o do grupo. Conforme prev\u00ea o estatuto do centro, a prefer\u00eancia da compra \u00e9 de outros membros da empresa. O prazo para propostas oficiais est\u00e1 se encerrando e, caso ningu\u00e9m ofere\u00e7a uma, o empres\u00e1rio Jos\u00e9 Fernando Pinto da Costa aparece como um dos principais nomes para adquirir parte da institui\u00e7\u00e3o.<\/p>\n<p>O empres\u00e1rio comanda um grande conjunto de empresas na \u00e1rea de educa\u00e7\u00e3o privada, voltada principalmente ao ensino superior. As duas principais institui\u00e7\u00f5es s\u00e3o a Universidade Brasil, onde j\u00e1 foi reitor, e a Uni\u00e3o das Institui\u00e7\u00f5es Educacionais do Estado de S\u00e3o Paulo (Uniesp). A \u00faltima est\u00e1 em recupera\u00e7\u00e3o judicial e enfrenta acusa\u00e7\u00f5es por n\u00e3o honrar compromissos financeiros.<\/p>\n<p>Segundo a Procuradoria-Geral da Fazenda Nacional, o empres\u00e1rio tem d\u00edvidas que somam R$ R$ 170.146.038,02, sendo que R$ 125.841.938,27 s\u00e3o referentes a tributos previdenci\u00e1rios. As empresas do homem tamb\u00e9m possuem d\u00e9bitos consider\u00e1veis, sendo que apenas a Uniesp tem R$ 318 milh\u00f5es de d\u00e9ficit.<\/p>\n<p>Fonte: Metr\u00f3poles<\/p>\n<\/p><\/div>\n<p><br \/>\n<br \/><a href=\"https:\/\/diariodobrasilnoticias.com.br\/noticia\/empresario-endividado-em-r-170-milhoes-busca-adquirir-o-ceub-67ea8eeb3611c\">Source link <\/a><\/p>","protected":false},"excerpt":{"rendered":"<p>Com mais de 50 anos de exist\u00eancia, o Centro Universit\u00e1rio de Bras\u00edlia (Ceub) \u00e9 uma das principais institui\u00e7\u00f5es de ensino superior na capital federal. No entanto, o futuro da universidade&hellip;<\/p>","protected":false},"author":1,"featured_media":115403,"comment_status":"closed","ping_status":"open","sticky":false,"template":"","format":"standard","meta":{"content-type":"","footnotes":""},"categories":[16],"tags":[123,2448,5313,1267],"class_list":["post-115402","post","type-post","status-publish","format-standard","has-post-thumbnail","hentry","category-noticias","tag-brasil","tag-diario","tag-noticia","tag-noticias"],"_links":{"self":[{"href":"https:\/\/tvbrazilusa.com\/pt\/wp-json\/wp\/v2\/posts\/115402","targetHints":{"allow":["GET"]}}],"collection":[{"href":"https:\/\/tvbrazilusa.com\/pt\/wp-json\/wp\/v2\/posts"}],"about":[{"href":"https:\/\/tvbrazilusa.com\/pt\/wp-json\/wp\/v2\/types\/post"}],"author":[{"embeddable":true,"href":"https:\/\/tvbrazilusa.com\/pt\/wp-json\/wp\/v2\/users\/1"}],"replies":[{"embeddable":true,"href":"https:\/\/tvbrazilusa.com\/pt\/wp-json\/wp\/v2\/comments?post=115402"}],"version-history":[{"count":1,"href":"https:\/\/tvbrazilusa.com\/pt\/wp-json\/wp\/v2\/posts\/115402\/revisions"}],"predecessor-version":[{"id":115404,"href":"https:\/\/tvbrazilusa.com\/pt\/wp-json\/wp\/v2\/posts\/115402\/revisions\/115404"}],"wp:featuredmedia":[{"embeddable":true,"href":"https:\/\/tvbrazilusa.com\/pt\/wp-json\/wp\/v2\/media\/115403"}],"wp:attachment":[{"href":"https:\/\/tvbrazilusa.com\/pt\/wp-json\/wp\/v2\/media?parent=115402"}],"wp:term":[{"taxonomy":"category","embeddable":true,"href":"https:\/\/tvbrazilusa.com\/pt\/wp-json\/wp\/v2\/categories?post=115402"},{"taxonomy":"post_tag","embeddable":true,"href":"https:\/\/tvbrazilusa.com\/pt\/wp-json\/wp\/v2\/tags?post=115402"}],"curies":[{"name":"wp","href":"https:\/\/api.w.org\/{rel}","templated":true}]}}