{"id":115411,"date":"2025-03-31T14:55:23","date_gmt":"2025-03-31T14:55:23","guid":{"rendered":"https:\/\/tvbrazilusa.com\/2025\/03\/31\/o-festival-de-musica-sonses-de-bridgeport-anuncia-a-formacao-2025\/"},"modified":"2025-03-31T15:03:55","modified_gmt":"2025-03-31T15:03:55","slug":"o-festival-de-musica-sonses-de-bridgeport-anuncia-a-formacao-2025","status":"publish","type":"post","link":"https:\/\/tvbrazilusa.com\/pt\/2025\/03\/31\/o-festival-de-musica-sonses-de-bridgeport-anuncia-a-formacao-2025\/","title":{"rendered":"O Festival de M\u00fasica Sonses de Bridgeport anuncia a forma\u00e7\u00e3o 2025"},"content":{"rendered":"<script async src=\"https:\/\/pagead2.googlesyndication.com\/pagead\/js\/adsbygoogle.js?client=ca-pub-8864793242727901\"\r\n     crossorigin=\"anonymous\"><\/script>\n<p>BRIDNEPORT, Connecticut (WTNH)-A programa\u00e7\u00e3o do Bridgeport Soundside Music Festival saiu e apresenta artistas indicados ao Grammy como The Killers e Hozier. <\/p>\n<p>O festival de dois dias ser\u00e1 em Seaside Park no s\u00e1bado, 27 de setembro e domingo, 28 de setembro. <\/p>\n<div class=\"nlp-ignore-block article-content rich-text\">\n<aside class=\"promo-link\">\n\t<a href=\"https:\/\/www.wtnh.com\/news\/connecticut\/new-haven\/community-gathers-for-pysanka-workshop-in-new-haven\/?ipid=promo-link-block1\" class=\"promo-link__link\"><\/p>\n<p>\t\tComunidade se re\u00fane para o workshop &#8216;Pysanka&#8217; em New Haven\t<\/a><br \/>\n<\/aside>\n<\/div>\n<p>A programa\u00e7\u00e3o inclui: <\/p>\n<p><strong>S\u00e1bado<\/strong><\/p>\n<ul>\n<li>Os assassinos<\/li>\n<li>Weezer<\/li>\n<li>DJO<\/li>\n<li>Caf\u00e9 da manh\u00e3 japon\u00eas<\/li>\n<li>O \u00faltimo jantar<\/li>\n<li>Inalador<\/li>\n<li>Rachel Chinouiri<\/li>\n<li>Rios selvagens<\/li>\n<li>Enseadas ocas<\/li>\n<li>DIPSEA FLOR<\/li>\n<\/ul>\n<p>Domingo: <\/p>\n<ul>\n<li>Hozier<\/li>\n<li>Fim de semana de vampiro<\/li>\n<li>Os amantes do banco de tr\u00e1s<\/li>\n<li>Remi Wolf<\/li>\n<li>Chelsea Cutler<\/li>\n<li>Alex Warren<\/li>\n<li>Gigi Perez<\/li>\n<li>Brenn!<\/li>\n<li>Vundabar<\/li>\n<li>Pouso feliz<\/li>\n<\/ul>\n<p>Os f\u00e3s podem se inscrever para a pr\u00e9 -venda em 3 de abril entre as 10h e as 11h, os ingressos aumentar\u00e3o na quinta -feira \u00e0s 11h, quando a venda p\u00fablica come\u00e7ar. Todos os tipos de ingressos oferecem op\u00e7\u00f5es de 1 e 2 dias.<\/p>\n<p>Para mais informa\u00e7\u00f5es, visite <a href=\"https:\/\/www.soundsidemusicfestival.com\/\" data-type=\"link\" data-id=\"https:\/\/www.soundsidemusicfestival.com\/\" target=\"_blank\" rel=\"noreferrer noopener\">Sonside Music Festival<\/a>. <\/p>\n<p><br \/>\n<br \/><a href=\"https:\/\/www.wtnh.com\/news\/connecticut\/fairfield\/bridgeports-soundside-music-festival-announces-2025-lineup\/\">Source link <\/a><\/p>","protected":false},"excerpt":{"rendered":"<p>BRIDNEPORT, Connecticut (WTNH)-A programa\u00e7\u00e3o do Bridgeport Soundside Music Festival saiu e apresenta artistas indicados ao Grammy como The Killers e Hozier. O festival de dois dias ser\u00e1 em Seaside Park&hellip;<\/p>","protected":false},"author":1,"featured_media":115412,"comment_status":"closed","ping_status":"open","sticky":false,"template":"","format":"standard","meta":{"content-type":"","footnotes":""},"categories":[1],"tags":[],"class_list":["post-115411","post","type-post","status-publish","format-standard","has-post-thumbnail","hentry","category-uncategorized"],"_links":{"self":[{"href":"https:\/\/tvbrazilusa.com\/pt\/wp-json\/wp\/v2\/posts\/115411","targetHints":{"allow":["GET"]}}],"collection":[{"href":"https:\/\/tvbrazilusa.com\/pt\/wp-json\/wp\/v2\/posts"}],"about":[{"href":"https:\/\/tvbrazilusa.com\/pt\/wp-json\/wp\/v2\/types\/post"}],"author":[{"embeddable":true,"href":"https:\/\/tvbrazilusa.com\/pt\/wp-json\/wp\/v2\/users\/1"}],"replies":[{"embeddable":true,"href":"https:\/\/tvbrazilusa.com\/pt\/wp-json\/wp\/v2\/comments?post=115411"}],"version-history":[{"count":1,"href":"https:\/\/tvbrazilusa.com\/pt\/wp-json\/wp\/v2\/posts\/115411\/revisions"}],"predecessor-version":[{"id":115413,"href":"https:\/\/tvbrazilusa.com\/pt\/wp-json\/wp\/v2\/posts\/115411\/revisions\/115413"}],"wp:featuredmedia":[{"embeddable":true,"href":"https:\/\/tvbrazilusa.com\/pt\/wp-json\/wp\/v2\/media\/115412"}],"wp:attachment":[{"href":"https:\/\/tvbrazilusa.com\/pt\/wp-json\/wp\/v2\/media?parent=115411"}],"wp:term":[{"taxonomy":"category","embeddable":true,"href":"https:\/\/tvbrazilusa.com\/pt\/wp-json\/wp\/v2\/categories?post=115411"},{"taxonomy":"post_tag","embeddable":true,"href":"https:\/\/tvbrazilusa.com\/pt\/wp-json\/wp\/v2\/tags?post=115411"}],"curies":[{"name":"wp","href":"https:\/\/api.w.org\/{rel}","templated":true}]}}