{"id":115429,"date":"2025-03-31T16:01:00","date_gmt":"2025-03-31T16:01:00","guid":{"rendered":"https:\/\/tvbrazilusa.com\/2025\/03\/31\/cenas-fortes-homem-se-desequilibra-de-patinete-e-e-atropelado-por-caminhao-veja-video\/"},"modified":"2025-03-31T16:01:02","modified_gmt":"2025-03-31T16:01:02","slug":"cenas-fortes-homem-se-desequilibra-de-patinete-e-e-atropelado-por-caminhao-veja-video","status":"publish","type":"post","link":"https:\/\/tvbrazilusa.com\/pt\/2025\/03\/31\/cenas-fortes-homem-se-desequilibra-de-patinete-e-e-atropelado-por-caminhao-veja-video\/","title":{"rendered":"CENAS FORTES: Homem se desequilibra de patinete e \u00e9 atropelado por caminh\u00e3o; VEJA V\u00cdDEO"},"content":{"rendered":"<p> <script async src=\"https:\/\/pagead2.googlesyndication.com\/pagead\/js\/adsbygoogle.js?client=ca-pub-8864793242727901\"\r\n     crossorigin=\"anonymous\"><\/script><br \/>\n<\/p>\n<div id=\"taboola-read-more\" style=\"display:block; width:100%\">\n<p>Professor se desequilibra em patinete el\u00e9trico e morre atropelado por caminh\u00e3o no Paran\u00e1. O motorista percebeu o acidente e parou o ve\u00edculo para ajudar a v\u00edtima, que trafegava em uma ciclo faixa. Quando a equipe do Corpo de Bombeiros chegou, a morte do homem foi confirmada.\n<\/p>\n<p>ASSISTA:<\/p>\n<p>Fonte: Portal r7              <\/p>\n<\/div>\n<p><br \/>\n<br \/><a href=\"https:\/\/diariodobrasilnoticias.com.br\/noticia\/cenas-fortes-homem-se-desequilibra-de-patinete-e-e-atropelado-por-caminhao-veja-video-67ea94326d5e8\">Source link <\/a><\/p>","protected":false},"excerpt":{"rendered":"<p>Professor se desequilibra em patinete el\u00e9trico e morre atropelado por caminh\u00e3o no Paran\u00e1. O motorista percebeu o acidente e parou o ve\u00edculo para ajudar a v\u00edtima, que trafegava em uma&hellip;<\/p>","protected":false},"author":1,"featured_media":115430,"comment_status":"closed","ping_status":"open","sticky":false,"template":"","format":"standard","meta":{"content-type":"","footnotes":""},"categories":[16],"tags":[123,2448,5313,1267],"class_list":["post-115429","post","type-post","status-publish","format-standard","has-post-thumbnail","hentry","category-noticias","tag-brasil","tag-diario","tag-noticia","tag-noticias"],"_links":{"self":[{"href":"https:\/\/tvbrazilusa.com\/pt\/wp-json\/wp\/v2\/posts\/115429","targetHints":{"allow":["GET"]}}],"collection":[{"href":"https:\/\/tvbrazilusa.com\/pt\/wp-json\/wp\/v2\/posts"}],"about":[{"href":"https:\/\/tvbrazilusa.com\/pt\/wp-json\/wp\/v2\/types\/post"}],"author":[{"embeddable":true,"href":"https:\/\/tvbrazilusa.com\/pt\/wp-json\/wp\/v2\/users\/1"}],"replies":[{"embeddable":true,"href":"https:\/\/tvbrazilusa.com\/pt\/wp-json\/wp\/v2\/comments?post=115429"}],"version-history":[{"count":1,"href":"https:\/\/tvbrazilusa.com\/pt\/wp-json\/wp\/v2\/posts\/115429\/revisions"}],"predecessor-version":[{"id":115431,"href":"https:\/\/tvbrazilusa.com\/pt\/wp-json\/wp\/v2\/posts\/115429\/revisions\/115431"}],"wp:featuredmedia":[{"embeddable":true,"href":"https:\/\/tvbrazilusa.com\/pt\/wp-json\/wp\/v2\/media\/115430"}],"wp:attachment":[{"href":"https:\/\/tvbrazilusa.com\/pt\/wp-json\/wp\/v2\/media?parent=115429"}],"wp:term":[{"taxonomy":"category","embeddable":true,"href":"https:\/\/tvbrazilusa.com\/pt\/wp-json\/wp\/v2\/categories?post=115429"},{"taxonomy":"post_tag","embeddable":true,"href":"https:\/\/tvbrazilusa.com\/pt\/wp-json\/wp\/v2\/tags?post=115429"}],"curies":[{"name":"wp","href":"https:\/\/api.w.org\/{rel}","templated":true}]}}