{"id":115438,"date":"2025-03-31T16:25:05","date_gmt":"2025-03-31T16:25:05","guid":{"rendered":"https:\/\/tvbrazilusa.com\/2025\/03\/31\/laboratorio-da-ufrn-registra-tremor-de-6-6\/"},"modified":"2025-03-31T16:25:08","modified_gmt":"2025-03-31T16:25:08","slug":"laboratorio-da-ufrn-registra-tremor-de-6-6","status":"publish","type":"post","link":"https:\/\/tvbrazilusa.com\/pt\/2025\/03\/31\/laboratorio-da-ufrn-registra-tremor-de-6-6\/","title":{"rendered":"Laborat\u00f3rio da UFRN registra tremor de 6.6"},"content":{"rendered":"<p> <script async src=\"https:\/\/pagead2.googlesyndication.com\/pagead\/js\/adsbygoogle.js?client=ca-pub-8864793242727901\"\r\n     crossorigin=\"anonymous\"><\/script><br \/>\n<\/p>\n<div>\n<figure class=\"post-image\">\n<\/figure>\n<p>            <span style=\"font-size: 12px\">Reprodu\u00e7\u00e3o<\/span><\/p>\n<p>            <!-- end metas --><br \/>\n            <!-- ADS --><\/p>\n<div id=\"taboola-read-more\" style=\"display:block; width:100%\">\n<p>Um forte tremor, de magnitude 6.1, ocorreu na noite quinta-feira (27) na dorsal meso-oce\u00e2nica pr\u00f3ximo ao arquip\u00e9lago de S\u00e3o Pedro e S\u00e3o Paulo, segundo o Laborat\u00f3rio Sismol\u00f3gico da UFRN (LabSis), com o epicentro a 936 km a NNE S\u00e3o Miguel do Gostoso-RN, a 952 km a NNE de Natal, a 1.095 km a NE de Fortaleza e a 1.120 km a NNE de Recife. \u201cPela magnitude do evento e a dist\u00e2ncia a S\u00e3o Pedro e S\u00e3o Paulo, ele certamente foi sentido no arquip\u00e9lago, mas, at\u00e9 o momento, n\u00e3o temos informa\u00e7\u00f5es sobre isso\u201d, detalha.<\/p>\n<p>O arquip\u00e9lago \u00e9 uma grande cadeia montanhosa submarina que percorre o fundo dos oceanos, resultante da separa\u00e7\u00e3o das placas tect\u00f4nicas, localizado no Oceano Atl\u00e2ntico Equatorial. A movimenta\u00e7\u00e3o sismol\u00f3gica na \u00e1rea \u00e9 acompanhada pela Esta\u00e7\u00e3o Riachuelo, que fica no munic\u00edpio potiguar de Riachuelo, e faz parte da Rede Sismogr\u00e1fica Brasileira (RSBR), operada pelo LabSis.<\/p>\n<p>Na sexta-feira (28), um novo tremor voltou a ocorrer na dorsal, dessa vez de magnitude 6.6, com epicentro localizado a menos de 3 km do epicentro do evento de magnitude 6.1.<\/p>\n<p>Fonte: Blog do BG<\/p>\n<\/p><\/div>\n<p>                        <!-- Scripts para conteudo --><\/p>\n<p>            <!-- .\/Scripts para conteudo --><br \/>\n            <!-- .\/Mat\u00e9ria --><\/p>\n<div class=\"row mt-3\">\n<div class=\"col-sm-6\">\n                <!-- Whatsapp channel 3--><br \/>\n                <a href=\"https:\/\/chat.whatsapp.com\/B8Qy6Erx4kb6yTzj3kaDco\" target=\"_blank\"><br \/>\n                  <img decoding=\"async\" src=\"https:\/\/diariodobrasilnoticias.com.br\/assets-site\/images\/bot_whatsapp.png\"\/><\/a>\n              <\/div>\n<div class=\"col-sm-6\">\n                <a href=\"https:\/\/t.me\/+_4gTmi5LKo03OTM5\" target=\"_blank\"><br \/>\n                  <img decoding=\"async\" src=\"https:\/\/diariodobrasilnoticias.com.br\/assets-site\/images\/bot_telegram.png\"\/><\/a>\n              <\/div>\n<\/p><\/div>\n<p>            <!-- end post-navigation --><\/p>\n<p>              <!-- end row --><\/p>\n<p>              <!-- end col-12-->\n                      <\/div>\n<p><br \/>\n<br \/><a href=\"https:\/\/diariodobrasilnoticias.com.br\/noticia\/laboratorio-da-ufrn-registra-tremor-de-6-6-67eab6b2d8beb\">Source link <\/a><\/p>","protected":false},"excerpt":{"rendered":"<p>Reprodu\u00e7\u00e3o Um forte tremor, de magnitude 6.1, ocorreu na noite quinta-feira (27) na dorsal meso-oce\u00e2nica pr\u00f3ximo ao arquip\u00e9lago de S\u00e3o Pedro e S\u00e3o Paulo, segundo o Laborat\u00f3rio Sismol\u00f3gico da UFRN&hellip;<\/p>","protected":false},"author":1,"featured_media":115439,"comment_status":"closed","ping_status":"open","sticky":false,"template":"","format":"standard","meta":{"content-type":"","footnotes":""},"categories":[16],"tags":[123,2448,5313,1267],"class_list":["post-115438","post","type-post","status-publish","format-standard","has-post-thumbnail","hentry","category-noticias","tag-brasil","tag-diario","tag-noticia","tag-noticias"],"_links":{"self":[{"href":"https:\/\/tvbrazilusa.com\/pt\/wp-json\/wp\/v2\/posts\/115438","targetHints":{"allow":["GET"]}}],"collection":[{"href":"https:\/\/tvbrazilusa.com\/pt\/wp-json\/wp\/v2\/posts"}],"about":[{"href":"https:\/\/tvbrazilusa.com\/pt\/wp-json\/wp\/v2\/types\/post"}],"author":[{"embeddable":true,"href":"https:\/\/tvbrazilusa.com\/pt\/wp-json\/wp\/v2\/users\/1"}],"replies":[{"embeddable":true,"href":"https:\/\/tvbrazilusa.com\/pt\/wp-json\/wp\/v2\/comments?post=115438"}],"version-history":[{"count":1,"href":"https:\/\/tvbrazilusa.com\/pt\/wp-json\/wp\/v2\/posts\/115438\/revisions"}],"predecessor-version":[{"id":115440,"href":"https:\/\/tvbrazilusa.com\/pt\/wp-json\/wp\/v2\/posts\/115438\/revisions\/115440"}],"wp:featuredmedia":[{"embeddable":true,"href":"https:\/\/tvbrazilusa.com\/pt\/wp-json\/wp\/v2\/media\/115439"}],"wp:attachment":[{"href":"https:\/\/tvbrazilusa.com\/pt\/wp-json\/wp\/v2\/media?parent=115438"}],"wp:term":[{"taxonomy":"category","embeddable":true,"href":"https:\/\/tvbrazilusa.com\/pt\/wp-json\/wp\/v2\/categories?post=115438"},{"taxonomy":"post_tag","embeddable":true,"href":"https:\/\/tvbrazilusa.com\/pt\/wp-json\/wp\/v2\/tags?post=115438"}],"curies":[{"name":"wp","href":"https:\/\/api.w.org\/{rel}","templated":true}]}}