{"id":115465,"date":"2025-03-31T17:39:43","date_gmt":"2025-03-31T17:39:43","guid":{"rendered":"https:\/\/tvbrazilusa.com\/2025\/03\/31\/bukele-afirma-que-o-brasil-nao-consegue-combater-faccoes-criminosas-porque-eles-estao-no-governo\/"},"modified":"2025-03-31T17:39:44","modified_gmt":"2025-03-31T17:39:44","slug":"bukele-afirma-que-o-brasil-nao-consegue-combater-faccoes-criminosas-porque-eles-estao-no-governo","status":"publish","type":"post","link":"https:\/\/tvbrazilusa.com\/pt\/2025\/03\/31\/bukele-afirma-que-o-brasil-nao-consegue-combater-faccoes-criminosas-porque-eles-estao-no-governo\/","title":{"rendered":"Bukele afirma que o Brasil n\u00e3o consegue combater fac\u00e7\u00f5es criminosas &#8216;porque eles est\u00e3o no governo&#8217;"},"content":{"rendered":"<p> <script async src=\"https:\/\/pagead2.googlesyndication.com\/pagead\/js\/adsbygoogle.js?client=ca-pub-8864793242727901\"\r\n     crossorigin=\"anonymous\"><\/script><br \/>\n<\/p>\n<div id=\"taboola-read-more\" style=\"display:block; width:100%\">\n<p>O presidente de El Salvador disse que nenhum Estado ao redor do mundo \u00e9 incapaz de acabar com o crime organizado:\n<\/p>\n<p>Bukele falou sobre seu pa\u00eds, que j\u00e1 foi um dos mais violentos do mundo, mas se tornou um dos mais seguros sob sua gest\u00e3o:\n<\/p>\n<p>\u201cN\u00f3s demonstramos isso: \u00e9ramos o pa\u00eds mais inseguro do mundo e agora somos o mais seguro do hemisf\u00e9rio.\u201d<br \/>O Brasil foi usado de exemplo por Bukele, que destacou o poder e o controle das fac\u00e7\u00f5es no pa\u00eds:\n<\/p>\n<p>\u201cAs organiza\u00e7\u00f5es criminosas do Brasil s\u00e3o muito maiores, mas tamb\u00e9m o estado do Brasil \u00e9 muito maior, mais forte e poderoso do que as organiza\u00e7\u00f5es. N\u00e3o podem controlar o territ\u00f3rio, temos que deixar essa zona para os cart\u00e9is, a outra zona para a organiza\u00e7\u00e3o criminosa, os bairros para as gangues? N\u00e3o, n\u00e3o pode ser. Algo tem que estar errado.\u201d<br \/>O Rio de Janeiro \u00e9 um \u00f3timo exemplo da situa\u00e7\u00e3o mencionada por Bukele. Mesmo sendo um dos cart\u00f5es postais do pa\u00eds, a cidade foi dominada por fac\u00e7\u00f5es que disputam territ\u00f3rios.\n<\/p>\n<p>Descubra como a cidade maravilhosa se transformou em um campo de guerra com o filme Rio de Janeiro: Para\u00edso Infernal.\n<\/p>\n<p>Bukele seguiu desmentindo algumas das justificativas para a incapacidade do Estado brasileiro em controlar seu territ\u00f3rio:\n<\/p>\n<p>\u201cO que acontece \u00e9 que no Brasil temos a selva? O Canad\u00e1 tem territ\u00f3rios impenetr\u00e1veis que n\u00e3o se pode atravessar, tundra e tudo mais, e n\u00e3o h\u00e1 ningu\u00e9m que controle um pedacinho.\u201d<br \/>O presidente tamb\u00e9m comparou o Brasil com a \u00cdndia e a China, que tamb\u00e9m t\u00eam territ\u00f3rios extensos e grandes popula\u00e7\u00f5es, mas n\u00e3o enfrentam situa\u00e7\u00f5es de seguran\u00e7a parecidas:\n<\/p>\n<p>Para Bukele, a \u00fanica justificativa para o crime organizado prosperar em pa\u00edses da Am\u00e9rica Latina para Bukele seria a infiltra\u00e7\u00e3o de criminosos no governo:\n<\/p>\n<p>\u201cComo \u00e9 poss\u00edvel que uma organiza\u00e7\u00e3o criminosa possa se apropriar de um territ\u00f3rio inteiro e o governo n\u00e3o possa tir\u00e1-los de l\u00e1? Porque eles est\u00e3o no governo, por isso.&#8221;\n<\/p>\n<p>Fonte: Brasil Paralelo              <\/p>\n<\/div>\n<p><br \/>\n<br \/><a href=\"https:\/\/diariodobrasilnoticias.com.br\/noticia\/bukele-afirma-que-o-brasil-nao-consegue-combater-faccoes-criminosas-porque-eles-estao-no-governo-67ea99943ea3e\">Source link <\/a><\/p>","protected":false},"excerpt":{"rendered":"<p>O presidente de El Salvador disse que nenhum Estado ao redor do mundo \u00e9 incapaz de acabar com o crime organizado: Bukele falou sobre seu pa\u00eds, que j\u00e1 foi um&hellip;<\/p>","protected":false},"author":1,"featured_media":115466,"comment_status":"closed","ping_status":"open","sticky":false,"template":"","format":"standard","meta":{"content-type":"","footnotes":""},"categories":[16],"tags":[123,2448,5313,1267],"class_list":["post-115465","post","type-post","status-publish","format-standard","has-post-thumbnail","hentry","category-noticias","tag-brasil","tag-diario","tag-noticia","tag-noticias"],"_links":{"self":[{"href":"https:\/\/tvbrazilusa.com\/pt\/wp-json\/wp\/v2\/posts\/115465","targetHints":{"allow":["GET"]}}],"collection":[{"href":"https:\/\/tvbrazilusa.com\/pt\/wp-json\/wp\/v2\/posts"}],"about":[{"href":"https:\/\/tvbrazilusa.com\/pt\/wp-json\/wp\/v2\/types\/post"}],"author":[{"embeddable":true,"href":"https:\/\/tvbrazilusa.com\/pt\/wp-json\/wp\/v2\/users\/1"}],"replies":[{"embeddable":true,"href":"https:\/\/tvbrazilusa.com\/pt\/wp-json\/wp\/v2\/comments?post=115465"}],"version-history":[{"count":1,"href":"https:\/\/tvbrazilusa.com\/pt\/wp-json\/wp\/v2\/posts\/115465\/revisions"}],"predecessor-version":[{"id":115467,"href":"https:\/\/tvbrazilusa.com\/pt\/wp-json\/wp\/v2\/posts\/115465\/revisions\/115467"}],"wp:featuredmedia":[{"embeddable":true,"href":"https:\/\/tvbrazilusa.com\/pt\/wp-json\/wp\/v2\/media\/115466"}],"wp:attachment":[{"href":"https:\/\/tvbrazilusa.com\/pt\/wp-json\/wp\/v2\/media?parent=115465"}],"wp:term":[{"taxonomy":"category","embeddable":true,"href":"https:\/\/tvbrazilusa.com\/pt\/wp-json\/wp\/v2\/categories?post=115465"},{"taxonomy":"post_tag","embeddable":true,"href":"https:\/\/tvbrazilusa.com\/pt\/wp-json\/wp\/v2\/tags?post=115465"}],"curies":[{"name":"wp","href":"https:\/\/api.w.org\/{rel}","templated":true}]}}