{"id":115496,"date":"2025-03-31T18:41:43","date_gmt":"2025-03-31T18:41:43","guid":{"rendered":"https:\/\/tvbrazilusa.com\/2025\/03\/31\/lider-do-governo-compartilha-video-antigo-como-se-fosse-ato-de-boulos\/"},"modified":"2025-03-31T18:41:47","modified_gmt":"2025-03-31T18:41:47","slug":"lider-do-governo-compartilha-video-antigo-como-se-fosse-ato-de-boulos","status":"publish","type":"post","link":"https:\/\/tvbrazilusa.com\/pt\/2025\/03\/31\/lider-do-governo-compartilha-video-antigo-como-se-fosse-ato-de-boulos\/","title":{"rendered":"L\u00edder do Governo compartilha v\u00eddeo antigo como se fosse ato de Boulos"},"content":{"rendered":"<p> <script async src=\"https:\/\/pagead2.googlesyndication.com\/pagead\/js\/adsbygoogle.js?client=ca-pub-8864793242727901\"\r\n     crossorigin=\"anonymous\"><\/script><br \/>\n<\/p>\n<div id=\"taboola-read-more\" style=\"display:block; width:100%\">\n<p>O l\u00edder do Governo na C\u00e2mara, Jos\u00e9 Guimar\u00e3es (PT-CE), publicou um v\u00eddeo de uma manifesta\u00e7\u00e3o contra o ex-presidente Jair Bolsonaro (PL) de 2021 como se fosse da manifesta\u00e7\u00e3o deste domingo (30.dez.2025) contra a anistia dos presos pelo 8 de Janeiro.\n<\/p>\n<p>Em publica\u00e7\u00e3o no X, Guimar\u00e3es disse que a manifesta\u00e7\u00e3o \u201c\u00e9 a maior demonstra\u00e7\u00e3o de que a anistia n\u00e3o pode ser assunto a ser debatido na C\u00e2mara dos Deputados\u201d. O v\u00eddeo original foi publicado pelo perfil do PT em 29 de maio de 2021.<\/p>\n<p><strong>Eis a publica\u00e7\u00e3o de 2021:<\/strong>\n<\/p>\n<\/p>\n<p><strong>Eis a publica\u00e7\u00e3o deste domingo:\u00a0<\/strong>\n<\/p>\n<p><img fetchpriority=\"high\" decoding=\"async\" class=\"alignnone size-post-default wp-image-2019997\" src=\"https:\/\/static.poder360.com.br\/2025\/03\/video-ze-guiamaraes-30mar2025.png\" sizes=\"(max-width: 916px) 100vw, 916px\" srcset=\"https:\/\/static.poder360.com.br\/2025\/03\/video-ze-guiamaraes-30mar2025.png 916w, https:\/\/static.poder360.com.br\/2025\/03\/video-ze-guiamaraes-30mar2025-330x450.png 330w, https:\/\/static.poder360.com.br\/2025\/03\/video-ze-guiamaraes-30mar2025-752x1024.png 752w, https:\/\/static.poder360.com.br\/2025\/03\/video-ze-guiamaraes-30mar2025-768x1046.png 768w\" alt=\"\" width=\"916\" height=\"1248\"\/>\n<\/p>\n<p>A a\u00e7\u00e3o foi notada por internautas, que acusaram o deputado federal de espalhar \u201c<em>fake news<\/em>\u201d.\u00a0\n<\/p>\n<p><img decoding=\"async\" class=\"alignnone size-full wp-image-2019993\" src=\"https:\/\/static.poder360.com.br\/2025\/03\/fake-nes-internautas-video-30mar2025.png\" sizes=\"(max-width: 906px) 100vw, 906px\" srcset=\"https:\/\/static.poder360.com.br\/2025\/03\/fake-nes-internautas-video-30mar2025.png 906w, https:\/\/static.poder360.com.br\/2025\/03\/fake-nes-internautas-video-30mar2025-350x450.png 350w, https:\/\/static.poder360.com.br\/2025\/03\/fake-nes-internautas-video-30mar2025-797x1024.png 797w, https:\/\/static.poder360.com.br\/2025\/03\/fake-nes-internautas-video-30mar2025-768x987.png 768w\" alt=\"\" width=\"906\" height=\"1164\"\/>\n<\/p>\n<p>Segundo um levantamento do\u00a0<strong>Poder360<\/strong>, a manifesta\u00e7\u00e3o convocada pelo tamb\u00e9m deputado federal\u00a0<a href=\"https:\/\/12ft.io\/proxy?q=https%3A%2F%2Fmonitor.poder360.com.br%2Fpoliticos-do-brasil%2F559880%2FGUILHERME-BOULOS%3Fano%3D2024\" target=\"_parent\">Guilherme Boulos<\/a>\u00a0(Psol-SP)\u00a0<a href=\"https:\/\/12ft.io\/proxy?q=https%3A%2F%2Fwww.poder360.com.br%2Fpoder-brasil%2Fato-de-boulos-contra-anistia-reune-5-500-pessoas-em-sp%2F\" target=\"_parent\">reuniu<\/a>\u00a0cerca de 5.500 pessoas. Diferentemente das imagens que foram publicadas por Jos\u00e9 Guimar\u00e3es, o ato n\u00e3o aconteceu nas proximidades do MASP (Museu de Arte de S\u00e3o Paulo), mas na pra\u00e7a Oswaldo Cruz.\n<\/p>\n<p>Al\u00e9m de Boulos, discursaram o l\u00edder do PT na C\u00e2mara, Lindbergh Farias (RJ) e a deputada federal Erika Hilton (Psol-SP).\n<\/p>\n<p>O grupo saiu em dire\u00e7\u00e3o \u00e0 sede do antigo Doi-Codi (Destacamento de Opera\u00e7\u00f5es de Informa\u00e7\u00f5es \u2013 Centro de Opera\u00e7\u00f5es de Defesa Interna), em Moema. A manifesta\u00e7\u00e3o foi uma resposta \u00e0 press\u00e3o feita pela oposi\u00e7\u00e3o para pautar o perd\u00e3o aos presos pelos atos extremistas na Pra\u00e7a dos Tr\u00eas Poderes.\n<\/p>\n<p>O ex-presidente Jair Bolsonaro e aliados fizeram um ato em Copacabana, no Rio, em prol da anistia. A manifesta\u00e7\u00e3o reuniu cerca de 26.000 pessoas. Bolsonaro convocou um novo ato para o pr\u00f3ximo domingo (6.abr).\n<\/p>\n<p>O Poder360 procurou Jos\u00e9 Guimar\u00e3es por meio da sua assessoria de imprensa para se manifestar a respeito da publica\u00e7\u00e3o do v\u00eddeo e n\u00e3o teve resposta. O espa\u00e7o segue aberto para a manifesta\u00e7\u00e3o.<\/p>\n<p>Fonte: Poder360              <\/p>\n<\/div>\n<p><br \/>\n<br \/><a href=\"https:\/\/diariodobrasilnoticias.com.br\/noticia\/lider-do-governo-compartilha-video-antigo-como-se-fosse-ato-de-boulos-67eabb29c4c76\">Source link <\/a><\/p>","protected":false},"excerpt":{"rendered":"<p>O l\u00edder do Governo na C\u00e2mara, Jos\u00e9 Guimar\u00e3es (PT-CE), publicou um v\u00eddeo de uma manifesta\u00e7\u00e3o contra o ex-presidente Jair Bolsonaro (PL) de 2021 como se fosse da manifesta\u00e7\u00e3o deste domingo&hellip;<\/p>","protected":false},"author":1,"featured_media":115497,"comment_status":"closed","ping_status":"open","sticky":false,"template":"","format":"standard","meta":{"content-type":"","footnotes":""},"categories":[16],"tags":[123,2448,5313,1267],"class_list":["post-115496","post","type-post","status-publish","format-standard","has-post-thumbnail","hentry","category-noticias","tag-brasil","tag-diario","tag-noticia","tag-noticias"],"_links":{"self":[{"href":"https:\/\/tvbrazilusa.com\/pt\/wp-json\/wp\/v2\/posts\/115496","targetHints":{"allow":["GET"]}}],"collection":[{"href":"https:\/\/tvbrazilusa.com\/pt\/wp-json\/wp\/v2\/posts"}],"about":[{"href":"https:\/\/tvbrazilusa.com\/pt\/wp-json\/wp\/v2\/types\/post"}],"author":[{"embeddable":true,"href":"https:\/\/tvbrazilusa.com\/pt\/wp-json\/wp\/v2\/users\/1"}],"replies":[{"embeddable":true,"href":"https:\/\/tvbrazilusa.com\/pt\/wp-json\/wp\/v2\/comments?post=115496"}],"version-history":[{"count":1,"href":"https:\/\/tvbrazilusa.com\/pt\/wp-json\/wp\/v2\/posts\/115496\/revisions"}],"predecessor-version":[{"id":115498,"href":"https:\/\/tvbrazilusa.com\/pt\/wp-json\/wp\/v2\/posts\/115496\/revisions\/115498"}],"wp:featuredmedia":[{"embeddable":true,"href":"https:\/\/tvbrazilusa.com\/pt\/wp-json\/wp\/v2\/media\/115497"}],"wp:attachment":[{"href":"https:\/\/tvbrazilusa.com\/pt\/wp-json\/wp\/v2\/media?parent=115496"}],"wp:term":[{"taxonomy":"category","embeddable":true,"href":"https:\/\/tvbrazilusa.com\/pt\/wp-json\/wp\/v2\/categories?post=115496"},{"taxonomy":"post_tag","embeddable":true,"href":"https:\/\/tvbrazilusa.com\/pt\/wp-json\/wp\/v2\/tags?post=115496"}],"curies":[{"name":"wp","href":"https:\/\/api.w.org\/{rel}","templated":true}]}}