{"id":115504,"date":"2025-03-31T18:56:08","date_gmt":"2025-03-31T18:56:08","guid":{"rendered":"https:\/\/tvbrazilusa.com\/2025\/03\/31\/dono-da-redetv-diz-que-acusacao-contra-otavio-mesquita-e-desservico\/"},"modified":"2025-03-31T18:56:10","modified_gmt":"2025-03-31T18:56:10","slug":"dono-da-redetv-diz-que-acusacao-contra-otavio-mesquita-e-desservico","status":"publish","type":"post","link":"https:\/\/tvbrazilusa.com\/pt\/2025\/03\/31\/dono-da-redetv-diz-que-acusacao-contra-otavio-mesquita-e-desservico\/","title":{"rendered":"Dono da RedeTV! diz que acusa\u00e7\u00e3o contra Ot\u00e1vio Mesquita \u00e9 &#8216;desservi\u00e7o&#8217;"},"content":{"rendered":"<p> <script async src=\"https:\/\/pagead2.googlesyndication.com\/pagead\/js\/adsbygoogle.js?client=ca-pub-8864793242727901\"\r\n     crossorigin=\"anonymous\"><\/script><br \/>\n<\/p>\n<div id=\"taboola-read-more\" style=\"display:block; width:100%\">\n<p>O empres\u00e1rio Marcelo de Carvalho, dono da RedeTV!, usou as redes sociais neste domingo (30\/3) para comentar a acusa\u00e7\u00e3o de estupro contra o apresentador Ot\u00e1vio Mesquita. Na semana passada, a comediante Juliana Oliveira registrou uma representa\u00e7\u00e3o criminal no Minist\u00e9rio P\u00fablico de S\u00e3o Paulo (MP-SP) contra o artista, dizendo que foi apalpada por ele durante uma grava\u00e7\u00e3o realizada em 2016.\n<\/p>\n<p>Em uma postagem no X, antigo Twitter, Marcelo de Carvalho afirmou que a den\u00fancia contra Ot\u00e1vio Mesquita \u00e9 um \u201cdesservi\u00e7o\u201d. \u201cTenho duas filhas mo\u00e7as e nada \u00e9 mais conden\u00e1vel e b\u00e1rbaro que estupro\u201d, come\u00e7ou o empres\u00e1rio. \u201cMas essa pessoa acusar o Otavio Mesquita de estupro \u00e9 um absurdo e, pior, \u00e9 um verdadeiro desservi\u00e7o para as reais v\u00edtimas desse crime hediondo\u201d, completou.<\/p>\n<p>A declara\u00e7\u00e3o do dono da RedeTV! causou rea\u00e7\u00f5es entre os internautas. \u201cSe ele fez isso sem o consentimento dela \u00e9 um abuso sim. S\u00f3 quem passou por isso sabe o quanto isso \u00e9 constrangedor\u201d, disse uma seguidora. \u201cEngra\u00e7ado que durante o tempo que estava empregada no programa nunca deu um piu\u201d, apontou outro. \u201cE se fosse ele fazendo o mesmo com uma de suas filhas e voc\u00ea assistisse? Como se sentiria?\u201d, rebatou um terceiro.\n<\/p>\n<p><strong>Desabafou<\/strong><br \/>Tamb\u00e9m neste domingo (30\/3), tr\u00eas dias ap\u00f3s vir \u00e0 tona a den\u00fancia da ex-assistente de palco do The Noite contra Ot\u00e1vio Mesquita, Juliana Oliveira resolveu se pronunciar sobre o caso. Ela fez um desabafo nos stories do Instagram e revelou que foi dif\u00edcil expor tudo.\n<\/p>\n<p><strong>\u201cN\u00e3o foi f\u00e1cil tornar p\u00fablica a minha dor e buscar Justi\u00e7a foi uma decis\u00e3o dif\u00edcil. Neste momento, escolho o sil\u00eancio para me resguardar, organizar meus sentimentos, me afastar dos julgamentos da internet e encontrar apoio na minha fam\u00edlia\u201d, afirmou.<\/strong>\n<\/p>\n<p>No fim, a humorista disse que resolveu falar como forma de incentivo: \u201cQuando me sentir pronta, vou falar. N\u00e3o para aparecer, mas para encorajar outras mulheres a denunciarem qualquer tipo de abuso\u201d, encerrou.\n<\/p>\n<p><strong>Se defendeu<\/strong><br \/>Na quinta-feira (27\/3), quando a den\u00fancia foi tornada p\u00fablica, Ot\u00e1vio Mesquita usou as redes sociais para se defender. O apresentador de 65 anos afirmou estar chateado com a situa\u00e7\u00e3o e explicou que precisou de um tempo para compreender a acusa\u00e7\u00e3o. Ele ressaltou que as cenas exibidas na abertura do talk show de Danilo Gentili em 2016 teriam sido previamente combinadas.\n<\/p>\n<p><strong>\u201cEsse programa foi ao ar h\u00e1 quase 10 anos, e nesse per\u00edodo todo n\u00e3o houve nenhum registro de desagravo ou reclama\u00e7\u00e3o. Nem mesmo no dia houve qualquer pedido para que a brincadeira n\u00e3o fosse exibida\u201d, declarou.<\/strong>\n<\/p>\n<p>O comunicador se desculpou caso as cenas tenham sido mal interpretadas e afirmou que tomar\u00e1 medidas legais contra Juliana Oliveira. Ele tamb\u00e9m disse que, ao rever as imagens, reconhece ter \u201cexagerado\u201d nas brincadeiras, mas refor\u00e7ou que n\u00e3o considera o epis\u00f3dio um caso de estupro. \u201cA dist\u00e2ncia entre o que aconteceu no palco e o estupro \u00e9 gigantesca\u201d.\n<\/p>\n<p>Fonte: Metr\u00f3poles              <\/p>\n<\/div>\n<p><br \/>\n<br \/><a href=\"https:\/\/diariodobrasilnoticias.com.br\/noticia\/dono-da-redetv-diz-que-acusacao-contra-otavio-mesquita-e-desservico-67ead9f591be6\">Source link <\/a><\/p>","protected":false},"excerpt":{"rendered":"<p>O empres\u00e1rio Marcelo de Carvalho, dono da RedeTV!, usou as redes sociais neste domingo (30\/3) para comentar a acusa\u00e7\u00e3o de estupro contra o apresentador Ot\u00e1vio Mesquita. Na semana passada, a&hellip;<\/p>","protected":false},"author":1,"featured_media":115505,"comment_status":"closed","ping_status":"open","sticky":false,"template":"","format":"standard","meta":{"content-type":"","footnotes":""},"categories":[16],"tags":[123,2448,5313,1267],"class_list":["post-115504","post","type-post","status-publish","format-standard","has-post-thumbnail","hentry","category-noticias","tag-brasil","tag-diario","tag-noticia","tag-noticias"],"_links":{"self":[{"href":"https:\/\/tvbrazilusa.com\/pt\/wp-json\/wp\/v2\/posts\/115504","targetHints":{"allow":["GET"]}}],"collection":[{"href":"https:\/\/tvbrazilusa.com\/pt\/wp-json\/wp\/v2\/posts"}],"about":[{"href":"https:\/\/tvbrazilusa.com\/pt\/wp-json\/wp\/v2\/types\/post"}],"author":[{"embeddable":true,"href":"https:\/\/tvbrazilusa.com\/pt\/wp-json\/wp\/v2\/users\/1"}],"replies":[{"embeddable":true,"href":"https:\/\/tvbrazilusa.com\/pt\/wp-json\/wp\/v2\/comments?post=115504"}],"version-history":[{"count":1,"href":"https:\/\/tvbrazilusa.com\/pt\/wp-json\/wp\/v2\/posts\/115504\/revisions"}],"predecessor-version":[{"id":115506,"href":"https:\/\/tvbrazilusa.com\/pt\/wp-json\/wp\/v2\/posts\/115504\/revisions\/115506"}],"wp:featuredmedia":[{"embeddable":true,"href":"https:\/\/tvbrazilusa.com\/pt\/wp-json\/wp\/v2\/media\/115505"}],"wp:attachment":[{"href":"https:\/\/tvbrazilusa.com\/pt\/wp-json\/wp\/v2\/media?parent=115504"}],"wp:term":[{"taxonomy":"category","embeddable":true,"href":"https:\/\/tvbrazilusa.com\/pt\/wp-json\/wp\/v2\/categories?post=115504"},{"taxonomy":"post_tag","embeddable":true,"href":"https:\/\/tvbrazilusa.com\/pt\/wp-json\/wp\/v2\/tags?post=115504"}],"curies":[{"name":"wp","href":"https:\/\/api.w.org\/{rel}","templated":true}]}}