{"id":115509,"date":"2025-03-31T19:07:26","date_gmt":"2025-03-31T19:07:26","guid":{"rendered":"https:\/\/tvbrazilusa.com\/2025\/03\/31\/incendio-em-concessionaria-destroi-pelo-menos-17-teslas-na-italia\/"},"modified":"2025-03-31T19:07:28","modified_gmt":"2025-03-31T19:07:28","slug":"incendio-em-concessionaria-destroi-pelo-menos-17-teslas-na-italia","status":"publish","type":"post","link":"https:\/\/tvbrazilusa.com\/pt\/2025\/03\/31\/incendio-em-concessionaria-destroi-pelo-menos-17-teslas-na-italia\/","title":{"rendered":"Inc\u00eandio em concession\u00e1ria destr\u00f3i pelo menos 17 Teslas na It\u00e1lia"},"content":{"rendered":"<p> <script async src=\"https:\/\/pagead2.googlesyndication.com\/pagead\/js\/adsbygoogle.js?client=ca-pub-8864793242727901\"\r\n     crossorigin=\"anonymous\"><\/script><br \/>\n<\/p>\n<div id=\"taboola-read-more\" style=\"display:block; width:100%\">\n<p>Nesta segunda-feira (31), um inc\u00eandio em uma concession\u00e1ria Tesla perto de Roma destruiu pelo menos 17 ve\u00edculos da marca.\n<\/p>\n<p>Ningu\u00e9m estava no pr\u00e9dio quando as chamas come\u00e7aram e nenhum ferido foi relatado.<\/p>\n<p>Os bombeiros comunicaram que consideram todas as possibilidades sobre como o fogo come\u00e7ou.\n<\/p>\n<p>Eles n\u00e3o descartam a hip\u00f3tese de ter sido um inc\u00eandio criminoso.\n<\/p>\n<p>A pol\u00edcia italiana est\u00e1 analisando as imagens de c\u00e2meras de seguran\u00e7a.\n<\/p>\n<p>A It\u00e1lia tem passado por uma onda de manifesta\u00e7\u00f5es em que carros da Tesla s\u00e3o vandalizados em uma forma de protesto contra o bilion\u00e1rio Elon Musk, dono da empresa, e contra o presidente dos Estados Unidos, Donald Trump.\n<\/p>\n<p>Fonte: CNN Brasil              <\/p>\n<\/div>\n<p><br \/>\n<br \/><a href=\"https:\/\/diariodobrasilnoticias.com.br\/noticia\/incendio-em-concessionaria-destroi-pelo-menos-17-teslas-na-italia-67ead52eb93e6\">Source link <\/a><\/p>","protected":false},"excerpt":{"rendered":"<p>Nesta segunda-feira (31), um inc\u00eandio em uma concession\u00e1ria Tesla perto de Roma destruiu pelo menos 17 ve\u00edculos da marca. Ningu\u00e9m estava no pr\u00e9dio quando as chamas come\u00e7aram e nenhum ferido&hellip;<\/p>","protected":false},"author":1,"featured_media":115510,"comment_status":"closed","ping_status":"open","sticky":false,"template":"","format":"standard","meta":{"content-type":"","footnotes":""},"categories":[16],"tags":[123,2448,5313,1267],"class_list":["post-115509","post","type-post","status-publish","format-standard","has-post-thumbnail","hentry","category-noticias","tag-brasil","tag-diario","tag-noticia","tag-noticias"],"_links":{"self":[{"href":"https:\/\/tvbrazilusa.com\/pt\/wp-json\/wp\/v2\/posts\/115509","targetHints":{"allow":["GET"]}}],"collection":[{"href":"https:\/\/tvbrazilusa.com\/pt\/wp-json\/wp\/v2\/posts"}],"about":[{"href":"https:\/\/tvbrazilusa.com\/pt\/wp-json\/wp\/v2\/types\/post"}],"author":[{"embeddable":true,"href":"https:\/\/tvbrazilusa.com\/pt\/wp-json\/wp\/v2\/users\/1"}],"replies":[{"embeddable":true,"href":"https:\/\/tvbrazilusa.com\/pt\/wp-json\/wp\/v2\/comments?post=115509"}],"version-history":[{"count":1,"href":"https:\/\/tvbrazilusa.com\/pt\/wp-json\/wp\/v2\/posts\/115509\/revisions"}],"predecessor-version":[{"id":115511,"href":"https:\/\/tvbrazilusa.com\/pt\/wp-json\/wp\/v2\/posts\/115509\/revisions\/115511"}],"wp:featuredmedia":[{"embeddable":true,"href":"https:\/\/tvbrazilusa.com\/pt\/wp-json\/wp\/v2\/media\/115510"}],"wp:attachment":[{"href":"https:\/\/tvbrazilusa.com\/pt\/wp-json\/wp\/v2\/media?parent=115509"}],"wp:term":[{"taxonomy":"category","embeddable":true,"href":"https:\/\/tvbrazilusa.com\/pt\/wp-json\/wp\/v2\/categories?post=115509"},{"taxonomy":"post_tag","embeddable":true,"href":"https:\/\/tvbrazilusa.com\/pt\/wp-json\/wp\/v2\/tags?post=115509"}],"curies":[{"name":"wp","href":"https:\/\/api.w.org\/{rel}","templated":true}]}}