{"id":115521,"date":"2025-03-31T19:31:10","date_gmt":"2025-03-31T19:31:10","guid":{"rendered":"https:\/\/tvbrazilusa.com\/2025\/03\/31\/mauro-cid-alterou-sua-delacao-cinco-vezes-abrindo-margem-para-contestacoes-no-stf\/"},"modified":"2025-03-31T19:31:12","modified_gmt":"2025-03-31T19:31:12","slug":"mauro-cid-alterou-sua-delacao-cinco-vezes-abrindo-margem-para-contestacoes-no-stf","status":"publish","type":"post","link":"https:\/\/tvbrazilusa.com\/pt\/2025\/03\/31\/mauro-cid-alterou-sua-delacao-cinco-vezes-abrindo-margem-para-contestacoes-no-stf\/","title":{"rendered":"Mauro Cid alterou sua dela\u00e7\u00e3o cinco vezes, abrindo margem para contesta\u00e7\u00f5es no STF"},"content":{"rendered":"<p> <script async src=\"https:\/\/pagead2.googlesyndication.com\/pagead\/js\/adsbygoogle.js?client=ca-pub-8864793242727901\"\r\n     crossorigin=\"anonymous\"><\/script><br \/>\n<\/p>\n<div id=\"taboola-read-more\" style=\"display:block; width:100%\">\n<p>Personagem central na investiga\u00e7\u00e3o da suposta trama golpista, o ex-ajudante de ordens\u00a0<a class=\"class\" href=\"https:\/\/12ft.io\/proxy?q=https%3A%2F%2Foglobo.globo.com%2Ftudo-sobre%2Fpolitico%2Fmauro-cid%2F\" target=\"_parent\">Mauro Cid<\/a>\u00a0mudou cinco vezes sua dela\u00e7\u00e3o, e isso ser\u00e1 um dos principais argumentos das defesas dos outros r\u00e9us para tentar desqualificar as acusa\u00e7\u00f5es no julgamento no Supremo Tribunal Federal (STF). Ao longo de um ano e quatro meses, em que prestou 12 depoimentos, o tenente-coronel elevou a gravidade dos fatos e mudou vers\u00f5es at\u00e9 incluir o ex-ministro Walter Braga Netto como pe\u00e7a-chave de uma reuni\u00e3o na qual teriam sido discutidas a\u00e7\u00f5es para promover o \u201ccaos social\u201d.\n<\/p>\n<p>As altera\u00e7\u00f5es e controv\u00e9rsias, como a divulga\u00e7\u00e3o de um \u00e1udio em que Cid dizia estar sendo pressionado a falar \u00e0 Pol\u00edcia Federal \u201ccoisas que n\u00e3o aconteceram\u201d, levantaram questionamentos das defesas dos outros acusados e pedidos de anula\u00e7\u00e3o da dela\u00e7\u00e3o, o que j\u00e1 foi negado pelo STF.<\/p>\n<p>O GLOBO analisou cerca de 250 p\u00e1ginas que tratam do teor dos depoimentos prestados por Cid entre agosto de 2023 e dezembro de 2024. O conte\u00fado revela que ele mudou de vers\u00e3o em pelo menos duas ocasi\u00f5es e acrescentou informa\u00e7\u00f5es novas em outras tr\u00eas. Procurada, a defesa do ex-ajudante de ordens de Jair Bolsonaro afirmou que o \u201ccalend\u00e1rio e forma de coleta\u201d da dela\u00e7\u00e3o foram definidos pela Pol\u00edcia Federal e que a colabora\u00e7\u00e3o \u201cn\u00e3o teve idas e voltas\u201d. A nota acrescenta que o ministro Alexandre de Moraes, do STF, homologou a colabora\u00e7\u00e3o.\n<\/p>\n<p>\u2018Mentiroso\u2019<br \/>Como mostrou um levantamento feito com aux\u00edlio de intelig\u00eancia artificial, os advogados dos outros sete integrantes do \u201cn\u00facleo central\u201d tiveram como uma das estrat\u00e9gias a tentativa de desqualificar a dela\u00e7\u00e3o \u2014 Cid chegou a ser chamado de \u201cmentiroso\u201d. O ministro Luiz Fux votou para tornar r\u00e9us todos os denunciados pela Procuradoria-Geral da Rep\u00fablica (PGR), mas criticou \u201comiss\u00f5es\u201d nos depoimentos do tenente-coronel e disse que ele foi \u201ca cada hora acrescentando uma novidade\u201d. A pondera\u00e7\u00e3o foi vista pelas defesas de forma positiva.\n<\/p>\n<p>A dela\u00e7\u00e3o de Cid foi corroborada por outros elementos ao longo da apura\u00e7\u00e3o. O tenente-coronel relatou a elabora\u00e7\u00e3o de uma minuta golpista e de reuni\u00f5es para discuti-la, com a participa\u00e7\u00e3o de Bolsonaro. A informa\u00e7\u00e3o foi confirmada pelos ex-comandantes do Ex\u00e9rcito Marco Ant\u00f4nio Freire Gomes e da Aeron\u00e1utica Baptista J\u00fanior. Mensagens encontradas no inqu\u00e9rito e registros de entrada no Pal\u00e1cio da Alvorada tamb\u00e9m refor\u00e7aram as declara\u00e7\u00f5es.\n<\/p>\n<p>Cid iniciou a rotina de depoimentos em agosto de 2023, tr\u00eas meses ap\u00f3s ser preso no curso da investiga\u00e7\u00e3o sobre a suposta fraude nos cart\u00f5es de vacina\u00e7\u00e3o de Bolsonaro e da filha \u2014 na sexta-feira Moraes arquivou o caso. Naquela ocasi\u00e3o, o militar prestou seis esclarecimentos sobre assuntos como a trama golpista, mil\u00edcias digitais, vacinas e o suposto desvio de joias da Presid\u00eancia. No m\u00eas seguinte, foi solto por determina\u00e7\u00e3o de Moraes e continuou colaborando.\n<\/p>\n<p>Em mar\u00e7o de 2024, deu dois novos depoimentos \u00e0 PF, com mais detalhes sobre a suposta tentativa de golpe. Omiss\u00f5es e uma s\u00e9rie de acontecimentos ao longo do ano passado, no entanto, provocaram reviravoltas. Naquele mesmo m\u00eas, ele foi preso novamente, logo ap\u00f3s um interrogat\u00f3rio no STF, sob acusa\u00e7\u00e3o de descumprir medidas judiciais e de obstruir a Justi\u00e7a. O depoimento foi convocado para que ele explicasse \u00e1udios revelados pela revista Veja em que afirmava ter sido pressionado pela PF e fazia cr\u00edticas aos m\u00e9todos de Moraes. Depois, disse que havia feito as declara\u00e7\u00f5es como um \u201cdesabafo\u201d e que se tornou delator de forma \u201cespont\u00e2nea e volunt\u00e1ria\u201d.\n<\/p>\n<p>Cid foi solto, mas a an\u00e1lise do conte\u00fado que havia sido deletado de celulares e computadores do tenente-coronel revelou elementos que haviam ficado de fora das declara\u00e7\u00f5es, o que fez a PF e a PGR pedirem novas informa\u00e7\u00f5es, deixando a dela\u00e7\u00e3o em xeque. Foi a\u00ed que o ex-ajudante de ordens deu um passo al\u00e9m. Em 19 de novembro do ano passado, em audi\u00eancia com Moraes, acrescentou informa\u00e7\u00f5es relevantes. O novo tom foi antecedido por um aviso: o ministro disse que aquela seria a \u201c\u00faltima chance\u201d de dizer a \u201cverdade sobre tudo\u201d, al\u00e9m de lembr\u00e1-lo que eventual rescis\u00e3o do acordo poderia levar \u00e0 \u201ccontinuidade das investiga\u00e7\u00f5es\u201d sobre o pai, a mulher e uma das filhas.\n<\/p>\n<p>Diante das novas circunst\u00e2ncias, Cid p\u00f4s Braga Netto, ex-ministro da Defesa e da Casa Civil, como pe\u00e7a central na formula\u00e7\u00e3o do suposto plano golpista. Segundo o delator, o general foi o anfitri\u00e3o de uma reuni\u00e3o em novembro de 2022, logo ap\u00f3s a derrota de Bolsonaro, em que foram discutidas \u201ca\u00e7\u00f5es\u201d que provocassem \u201ccaos social\u201d para a decreta\u00e7\u00e3o de um estado de defesa ou de s\u00edtio.\n<\/p>\n<p>\u201cNa reuni\u00e3o se discutiu novamente a necessidade de a\u00e7\u00f5es que mobilizassem as massas populares e gerassem caos social, permitindo, assim, que o presidente (Bolsonaro) assinasse o estado de defesa, estado de s\u00edtio ou algo semelhante\u201d, relatou Cid, pontuando que foi retirado da reuni\u00e3o pelo general pela sua \u201cproximidade\u201d com Bolsonaro.\n<\/p>\n<p>A mesma hist\u00f3ria j\u00e1 tinha sido narrada de outra forma. Em mar\u00e7o de 2023, Cid havia dito que a reuni\u00e3o teria sido um encontro comum com o pretexto de levar dois amigos militares a \u201ctirarem uma foto\u201d com Bolsonaro e \u201cdarem um abra\u00e7o\u201d no ex-chefe da Casa Civil. \u201cQue n\u00e3o foi poss\u00edvel encontrar no Alvorada e, diante disso, acertou com o Braga Netto o encontro na casa do general\u201d, disse ele.\n<\/p>\n<p>Sobre os assuntos ali tratados, Cid listou a \u201cconjuntura nacional do pa\u00eds, a import\u00e2ncia das manifesta\u00e7\u00f5es, o pedido de interven\u00e7\u00e3o militar, se as manifesta\u00e7\u00f5es podiam ou n\u00e3o estar l\u00e1\u201d, em refer\u00eancia aos acampamentos em frente a instala\u00e7\u00f5es do Ex\u00e9rcito. N\u00e3o houve naquele momento men\u00e7\u00e3o a discuss\u00f5es para insuflar a ofensiva golpista.\n<\/p>\n<p>Fato novo<br \/>Ainda em mar\u00e7o de 2023, Cid chegou a citar uma suposta tentativa de financiamento para o plano golpista. Ele disse que pediu a Braga Netto \u201cpara ver\u201d se o PL poderia \u201capoiar de alguma forma as manifesta\u00e7\u00f5es\u201d. J\u00e1 na audi\u00eancia de novembro de 2024, o delator entregou uma novidade. Segundo Cid, o general disse a ele que iria \u201cdar um jeito\u201d e entregou uma sacola com dinheiro algumas semanas depois.\n<\/p>\n<p>\u201cO general Braga Netto me entrega dinheiro. Era tipo uma coisinha de presente de vinho, com dinheiro. Eu n\u00e3o contei, n\u00e3o sei quanto, tava grampeado. Eu peguei o dinheiro e passei para o De Oliveira (outro militar que foi denunciado)\u201d, relatou Cid.\n<\/p>\n<p>Braga Netto foi preso preventivamente em dezembro do ano passado por, segundo a decis\u00e3o judicial, obstruir a Justi\u00e7a ao tentar descobrir o conte\u00fado da dela\u00e7\u00e3o de Cid, que na \u00e9poca ainda estava sob sigilo. Ele tamb\u00e9m se tornou r\u00e9u e nega as acusa\u00e7\u00f5es. O advogado Jos\u00e9 Luis Oliveira, o Juca, afirma que ele \u00e9 inocente e tem \u201creputa\u00e7\u00e3o ilibada\u201d.\n<\/p>\n<p>Outros dois fatos novos apresentados por Cid ao longo do tempo dizem respeito \u00e0 tentativa de aliados de Bolsonaro de tomarem p\u00e9 do conte\u00fado da sua dela\u00e7\u00e3o. Em 5 de dezembro de 2024, afirmou que o seu pai recebeu liga\u00e7\u00f5es de Braga Netto e outras pessoas pr\u00f3ximas ao ex-presidente para saberem o que ele tinha entregue aos investigados.\n<\/p>\n<p>\u201cBasicamente, isso aconteceu logo depois da minha soltura, quando eu fiz a colabora\u00e7\u00e3o naquele per\u00edodo, onde n\u00e3o s\u00f3 ele (Braga Netto) como outros intermedi\u00e1rios tentaram saber o que eu tinha falado. Isso fazia um contato com o meu pai, tentavam ver o que eu tinha, se realmente eu tinha colaborado\u201d, disse Cid.\n<\/p>\n<p>\u00c0 PF, Cid disse que n\u00e3o deu essas informa\u00e7\u00f5es antes porque se tratava de um \u201cgeneral quatro estrelas e que dosa muitas palavras para evitar estar acusando ou falando de uma autoridade\u201d.<\/p>\n<p>Fonte: O Globo              <\/p>\n<\/div>\n<p><br \/>\n<br \/><a href=\"https:\/\/diariodobrasilnoticias.com.br\/noticia\/mauro-cid-alterou-sua-delacao-cinco-vezes-abrindo-margem-para-contestacoes-no-stf-67eac77d99720\">Source link <\/a><\/p>","protected":false},"excerpt":{"rendered":"<p>Personagem central na investiga\u00e7\u00e3o da suposta trama golpista, o ex-ajudante de ordens\u00a0Mauro Cid\u00a0mudou cinco vezes sua dela\u00e7\u00e3o, e isso ser\u00e1 um dos principais argumentos das defesas dos outros r\u00e9us para&hellip;<\/p>","protected":false},"author":1,"featured_media":115522,"comment_status":"closed","ping_status":"open","sticky":false,"template":"","format":"standard","meta":{"content-type":"","footnotes":""},"categories":[16],"tags":[123,2448,5313,1267],"class_list":["post-115521","post","type-post","status-publish","format-standard","has-post-thumbnail","hentry","category-noticias","tag-brasil","tag-diario","tag-noticia","tag-noticias"],"_links":{"self":[{"href":"https:\/\/tvbrazilusa.com\/pt\/wp-json\/wp\/v2\/posts\/115521","targetHints":{"allow":["GET"]}}],"collection":[{"href":"https:\/\/tvbrazilusa.com\/pt\/wp-json\/wp\/v2\/posts"}],"about":[{"href":"https:\/\/tvbrazilusa.com\/pt\/wp-json\/wp\/v2\/types\/post"}],"author":[{"embeddable":true,"href":"https:\/\/tvbrazilusa.com\/pt\/wp-json\/wp\/v2\/users\/1"}],"replies":[{"embeddable":true,"href":"https:\/\/tvbrazilusa.com\/pt\/wp-json\/wp\/v2\/comments?post=115521"}],"version-history":[{"count":1,"href":"https:\/\/tvbrazilusa.com\/pt\/wp-json\/wp\/v2\/posts\/115521\/revisions"}],"predecessor-version":[{"id":115523,"href":"https:\/\/tvbrazilusa.com\/pt\/wp-json\/wp\/v2\/posts\/115521\/revisions\/115523"}],"wp:featuredmedia":[{"embeddable":true,"href":"https:\/\/tvbrazilusa.com\/pt\/wp-json\/wp\/v2\/media\/115522"}],"wp:attachment":[{"href":"https:\/\/tvbrazilusa.com\/pt\/wp-json\/wp\/v2\/media?parent=115521"}],"wp:term":[{"taxonomy":"category","embeddable":true,"href":"https:\/\/tvbrazilusa.com\/pt\/wp-json\/wp\/v2\/categories?post=115521"},{"taxonomy":"post_tag","embeddable":true,"href":"https:\/\/tvbrazilusa.com\/pt\/wp-json\/wp\/v2\/tags?post=115521"}],"curies":[{"name":"wp","href":"https:\/\/api.w.org\/{rel}","templated":true}]}}