{"id":115524,"date":"2025-03-31T19:43:31","date_gmt":"2025-03-31T19:43:31","guid":{"rendered":"https:\/\/tvbrazilusa.com\/2025\/03\/31\/bolsonaro-sobre-le-pen-inelegivel-claro-ativismo-judicial-de-esquerda\/"},"modified":"2025-03-31T19:43:33","modified_gmt":"2025-03-31T19:43:33","slug":"bolsonaro-sobre-le-pen-inelegivel-claro-ativismo-judicial-de-esquerda","status":"publish","type":"post","link":"https:\/\/tvbrazilusa.com\/pt\/2025\/03\/31\/bolsonaro-sobre-le-pen-inelegivel-claro-ativismo-judicial-de-esquerda\/","title":{"rendered":"Bolsonaro sobre Le Pen ineleg\u00edvel: &#8216;Claro ativismo judicial de esquerda&#8217;"},"content":{"rendered":"<p> <script async src=\"https:\/\/pagead2.googlesyndication.com\/pagead\/js\/adsbygoogle.js?client=ca-pub-8864793242727901\"\r\n     crossorigin=\"anonymous\"><\/script><br \/>\n<\/p>\n<div id=\"taboola-read-more\" style=\"display:block; width:100%\">\n<p>O ex-presidente Jair Bolsonaro (PL), classificou como \u201cclaro ativismo judicial da esquerda\u201d a decis\u00e3o que tornou a l\u00edder da ultradireita francesa Marine Le Pen impedida de se candidatar a cargo p\u00fablico pelos pr\u00f3ximos cinco anos.\n<\/p>\n<p>Em entrevista por telefone \u00e0 Reuters nesta segunda-feira (31), Bolsonaro disse que enfrenta situa\u00e7\u00e3o parecida no Brasil.<\/p>\n<p>O ex-presidente est\u00e1 ineleg\u00edvel at\u00e9 2030, acusado de ter cometido abuso de poder e uso indevido dos meios de comunica\u00e7\u00e3o para atacar o sistema eleitoral brasileiro. Na semana passada, ele ainda se tornou r\u00e9u no Supremo Tribunal Federal (STF) na investiga\u00e7\u00e3o que apura tentativa de golpe de Estado ap\u00f3s as elei\u00e7\u00f5es de 2022.\n<\/p>\n<p>\u201cEssa decis\u00e3o \u00e9 um claro ativismo judicial da esquerda. A den\u00fancia contra mim tamb\u00e9m \u00e9 fuma\u00e7a, e quem vai julgar a gente p\u00f5e no m\u00ednimo uma interroga\u00e7\u00e3o. Que desvio de recurso p\u00fablico \u00e9 esse da Le Pen? O Trump tamb\u00e9m foi acusado de algo parecido nos Estados Unidos, ele enfrentou, \u00e9 bilion\u00e1rio, l\u00edder do maior partido, conseguiu enfrentar\u201d, acusou.\n<\/p>\n<p>A Justi\u00e7a francesa condenou Le Pen por apropria\u00e7\u00e3o ind\u00e9bita de fundos da Uni\u00e3o Europeia, a tornando ineleg\u00edvel por cinco anos. Ela tamb\u00e9m foi sentenciada a quatro anos de pris\u00e3o. A pol\u00edtica ainda foi multada em 100 mil euros, o equivalente a R$ 618 mil.\n<\/p>\n<p>Nem a pena de pris\u00e3o nem a multa ser\u00e3o aplicadas at\u00e9 que os recursos estejam esgotados. A proibi\u00e7\u00e3o de cinco anos de concorrer a cargos p\u00fablicos, por\u00e9m, entra em vigor imediatamente, por meio de uma medida chamada de \u201cexecu\u00e7\u00e3o provis\u00f3ria\u201d solicitada pelos promotores.\n<\/p>\n<p>A l\u00edder do partido Uni\u00e3o Nacional (RN) \u00e9 uma das figuras mais proeminentes da ultradireita europeia e tem sido a favorita nas pesquisas de opini\u00e3o para a disputa das elei\u00e7\u00f5es presidenciais de 2027 na Fran\u00e7a.\n<\/p>\n<p>Fonte: CNN Brasil              <\/p>\n<\/div>\n<p><br \/>\n<br \/><a href=\"https:\/\/diariodobrasilnoticias.com.br\/noticia\/bolsonaro-sobre-le-pen-inelegivel-claro-ativismo-judicial-de-esquerda-67ead49438f32\">Source link <\/a><\/p>","protected":false},"excerpt":{"rendered":"<p>O ex-presidente Jair Bolsonaro (PL), classificou como \u201cclaro ativismo judicial da esquerda\u201d a decis\u00e3o que tornou a l\u00edder da ultradireita francesa Marine Le Pen impedida de se candidatar a cargo&hellip;<\/p>","protected":false},"author":1,"featured_media":115525,"comment_status":"closed","ping_status":"open","sticky":false,"template":"","format":"standard","meta":{"content-type":"","footnotes":""},"categories":[16],"tags":[123,2448,5313,1267],"class_list":["post-115524","post","type-post","status-publish","format-standard","has-post-thumbnail","hentry","category-noticias","tag-brasil","tag-diario","tag-noticia","tag-noticias"],"_links":{"self":[{"href":"https:\/\/tvbrazilusa.com\/pt\/wp-json\/wp\/v2\/posts\/115524","targetHints":{"allow":["GET"]}}],"collection":[{"href":"https:\/\/tvbrazilusa.com\/pt\/wp-json\/wp\/v2\/posts"}],"about":[{"href":"https:\/\/tvbrazilusa.com\/pt\/wp-json\/wp\/v2\/types\/post"}],"author":[{"embeddable":true,"href":"https:\/\/tvbrazilusa.com\/pt\/wp-json\/wp\/v2\/users\/1"}],"replies":[{"embeddable":true,"href":"https:\/\/tvbrazilusa.com\/pt\/wp-json\/wp\/v2\/comments?post=115524"}],"version-history":[{"count":1,"href":"https:\/\/tvbrazilusa.com\/pt\/wp-json\/wp\/v2\/posts\/115524\/revisions"}],"predecessor-version":[{"id":115526,"href":"https:\/\/tvbrazilusa.com\/pt\/wp-json\/wp\/v2\/posts\/115524\/revisions\/115526"}],"wp:featuredmedia":[{"embeddable":true,"href":"https:\/\/tvbrazilusa.com\/pt\/wp-json\/wp\/v2\/media\/115525"}],"wp:attachment":[{"href":"https:\/\/tvbrazilusa.com\/pt\/wp-json\/wp\/v2\/media?parent=115524"}],"wp:term":[{"taxonomy":"category","embeddable":true,"href":"https:\/\/tvbrazilusa.com\/pt\/wp-json\/wp\/v2\/categories?post=115524"},{"taxonomy":"post_tag","embeddable":true,"href":"https:\/\/tvbrazilusa.com\/pt\/wp-json\/wp\/v2\/tags?post=115524"}],"curies":[{"name":"wp","href":"https:\/\/api.w.org\/{rel}","templated":true}]}}