{"id":115530,"date":"2025-03-31T20:09:10","date_gmt":"2025-03-31T20:09:10","guid":{"rendered":"https:\/\/tvbrazilusa.com\/2025\/03\/31\/sony-remove-ainda-estou-aqui-dos-cinemas-devido-a-baixa-audiencia\/"},"modified":"2025-03-31T20:09:12","modified_gmt":"2025-03-31T20:09:12","slug":"sony-remove-ainda-estou-aqui-dos-cinemas-devido-a-baixa-audiencia","status":"publish","type":"post","link":"https:\/\/tvbrazilusa.com\/pt\/2025\/03\/31\/sony-remove-ainda-estou-aqui-dos-cinemas-devido-a-baixa-audiencia\/","title":{"rendered":"Sony remove &#8216;Ainda Estou Aqui&#8217; dos cinemas devido \u00e0 baixa audi\u00eancia"},"content":{"rendered":"<p> <script async src=\"https:\/\/pagead2.googlesyndication.com\/pagead\/js\/adsbygoogle.js?client=ca-pub-8864793242727901\"\r\n     crossorigin=\"anonymous\"><\/script><br \/>\n<\/p>\n<div id=\"taboola-read-more\" style=\"display:block; width:100%\">\n<p>A Sony Pictures, distribuidora do filme Ainda Estou Aqui no Brasil, informou aos cinemas que vai retirar o longa-metragem de exibi\u00e7\u00e3o no pa\u00eds a partir da pr\u00f3xima quarta-feira, 2. O jornal Folha de S.Paulo divulgou as informa\u00e7\u00f5es.\n<\/p>\n<p>O ve\u00edculo teve acesso a uma troca de e-mails entre representantes da Sony e de um cinema localizado em S\u00e3o Paulo. Na mensagem, um profissional da empresa informa que vai retirar o longa-metragem, dirigido por Walter Salles, de cartaz para estre\u00e1-lo na plataforma Globoplay, gerenciada pelo Grupo Globo.<\/p>\n<p>Ao jornal, o dono do espa\u00e7o disse que a pr\u00e1tica n\u00e3o \u00e9 comum. Ele cita o exemplo do filme Subst\u00e2ncia \u2014 estrelado por Demi Moore e dirigido por Coralie Fargeat \u2014, que foi exibido simultaneamente nos cinemas e em streamings.\n<\/p>\n<p>A Sony afirmou que a obra teve \u201cuma trajet\u00f3ria linda, longa e exclusiva nos cinemas, com mais de 20 semanas em cartaz\u201d. No entanto, destacou que \u201cna 21\u00aa semana, com mais de 5,8 milh\u00f5es de espectadores, \u00e9 natural a queda na presen\u00e7a de p\u00fablico nos cinemas\u201d.\n<\/p>\n<p>BNDES aprova investimento para produtora do filme Ainda Estou Aqui<br \/>O Banco Nacional de Desenvolvimento Econ\u00f4mico e Social (BNDES) aprovou um investimento de R$ 32 milh\u00f5es para a Conspira\u00e7\u00e3o Filmes, produtora da obra Ainda Estou Aqui. O financiamento ocorre por meio do Fundo Setorial do Audiovisual. O BNDES criou a categoria em parceria com a Ag\u00eancia Nacional de Cinema e o Minist\u00e9rio da Cultura.\n<\/p>\n<p>\u201cA cultura, que em outros tempos foi perseguida, voltou a ser valorizada no governo do presidente Lula, e o BNDES est\u00e1 retomando o protagonismo no apoio audiovisual, um setor que gera emprego e renda e que d\u00e1 visibilidade \u00e0 identidade nacional\u201d, disse Aloizio Mercadante, presidente do BNDES.\n<\/p>\n<p>O programa quer promover \u201cinfraestrutura, inova\u00e7\u00e3o e acessibilidade\u201d, tal como fortalecer as empresas ao longo da cadeia produtiva.\n<\/p>\n<p>Fonte: Revista Oeste              <\/p>\n<\/div>\n<p><br \/>\n<br \/><a href=\"https:\/\/diariodobrasilnoticias.com.br\/noticia\/sony-remove-ainda-estou-aqui-dos-cinemas-devido-a-baixa-audiencia-67ead77aec9bb\">Source link <\/a><\/p>","protected":false},"excerpt":{"rendered":"<p>A Sony Pictures, distribuidora do filme Ainda Estou Aqui no Brasil, informou aos cinemas que vai retirar o longa-metragem de exibi\u00e7\u00e3o no pa\u00eds a partir da pr\u00f3xima quarta-feira, 2. O&hellip;<\/p>","protected":false},"author":1,"featured_media":115531,"comment_status":"closed","ping_status":"open","sticky":false,"template":"","format":"standard","meta":{"content-type":"","footnotes":""},"categories":[16],"tags":[123,2448,5313,1267],"class_list":["post-115530","post","type-post","status-publish","format-standard","has-post-thumbnail","hentry","category-noticias","tag-brasil","tag-diario","tag-noticia","tag-noticias"],"_links":{"self":[{"href":"https:\/\/tvbrazilusa.com\/pt\/wp-json\/wp\/v2\/posts\/115530","targetHints":{"allow":["GET"]}}],"collection":[{"href":"https:\/\/tvbrazilusa.com\/pt\/wp-json\/wp\/v2\/posts"}],"about":[{"href":"https:\/\/tvbrazilusa.com\/pt\/wp-json\/wp\/v2\/types\/post"}],"author":[{"embeddable":true,"href":"https:\/\/tvbrazilusa.com\/pt\/wp-json\/wp\/v2\/users\/1"}],"replies":[{"embeddable":true,"href":"https:\/\/tvbrazilusa.com\/pt\/wp-json\/wp\/v2\/comments?post=115530"}],"version-history":[{"count":1,"href":"https:\/\/tvbrazilusa.com\/pt\/wp-json\/wp\/v2\/posts\/115530\/revisions"}],"predecessor-version":[{"id":115532,"href":"https:\/\/tvbrazilusa.com\/pt\/wp-json\/wp\/v2\/posts\/115530\/revisions\/115532"}],"wp:featuredmedia":[{"embeddable":true,"href":"https:\/\/tvbrazilusa.com\/pt\/wp-json\/wp\/v2\/media\/115531"}],"wp:attachment":[{"href":"https:\/\/tvbrazilusa.com\/pt\/wp-json\/wp\/v2\/media?parent=115530"}],"wp:term":[{"taxonomy":"category","embeddable":true,"href":"https:\/\/tvbrazilusa.com\/pt\/wp-json\/wp\/v2\/categories?post=115530"},{"taxonomy":"post_tag","embeddable":true,"href":"https:\/\/tvbrazilusa.com\/pt\/wp-json\/wp\/v2\/tags?post=115530"}],"curies":[{"name":"wp","href":"https:\/\/api.w.org\/{rel}","templated":true}]}}