{"id":115533,"date":"2025-03-31T20:21:23","date_gmt":"2025-03-31T20:21:23","guid":{"rendered":"https:\/\/tvbrazilusa.com\/2025\/03\/31\/desaprovacao-ao-governo-lula-dispara-e-atinge-novo-recorde-61-dos-brasileiros-reprovam-a-gestao\/"},"modified":"2025-03-31T20:21:25","modified_gmt":"2025-03-31T20:21:25","slug":"desaprovacao-ao-governo-lula-dispara-e-atinge-novo-recorde-61-dos-brasileiros-reprovam-a-gestao","status":"publish","type":"post","link":"https:\/\/tvbrazilusa.com\/pt\/2025\/03\/31\/desaprovacao-ao-governo-lula-dispara-e-atinge-novo-recorde-61-dos-brasileiros-reprovam-a-gestao\/","title":{"rendered":"Desaprova\u00e7\u00e3o ao governo Lula dispara e atinge novo recorde: 61% dos brasileiros reprovam a gest\u00e3o"},"content":{"rendered":"<p> <script async src=\"https:\/\/pagead2.googlesyndication.com\/pagead\/js\/adsbygoogle.js?client=ca-pub-8864793242727901\"\r\n     crossorigin=\"anonymous\"><\/script><br \/>\n<\/p>\n<div id=\"taboola-read-more\" style=\"display:block; width:100%\">\n<p>O governo do presidente Luiz In\u00e1cio Lula da Silva (PT) \u00e9 reprovado por 61% dos brasileiros, segundo pesquisa do Instituto Gerp neste fim de semana.\n<\/p>\n<p>A aprova\u00e7\u00e3o do governo foi registrada em 31% dos entrevistados, enquanto 7% n\u00e3o souberam ou n\u00e3o responderam.<\/p>\n<p>Em rela\u00e7\u00e3o \u00e0 pesquisa anterior, realizada em fevereiro, a aprova\u00e7\u00e3o oscilou de 32% para 31%, enquanto a reprova\u00e7\u00e3o subiu de 59% para 61%, um aumento de dois pontos percentuais.\n<\/p>\n<p>A pesquisa tamb\u00e9m avaliou a percep\u00e7\u00e3o da popula\u00e7\u00e3o sobre o desempenho de Lula. O percentual dos que classificam seu governo como \u201c\u00f3timo\u201d ou \u201cbom\u201d caiu de 25% para 24%.\n<\/p>\n<p>A avalia\u00e7\u00e3o \u201cruim\u201d ou \u201cp\u00e9ssima\u201d subiu de 53% para 54%, enquanto os que consideram a gest\u00e3o \u201cregular\u201d permaneceram em 20%.\n<\/p>\n<p>Os n\u00fameros nutrem a tend\u00eancia de queda da popularidade do governo, em meio \u00e0 desacelera\u00e7\u00e3o da economia e ao aumento dos pre\u00e7os dos alimentos.\n<\/p>\n<p>Para tentar conter esse desgaste, o governo tem adotado medidas como a libera\u00e7\u00e3o do saldo retido do FGTS, um novo modelo de cr\u00e9dito consignado para trabalhadores CLT e mudan\u00e7as no programa Minha Casa, Minha Vida.\n<\/p>\n<p>Outra aposta do Planalto \u00e9 a isen\u00e7\u00e3o do imposto de renda para quem recebe at\u00e9 R$ 5.000, prevista para 2026.\n<\/p>\n<p>Fonte: Conex\u00e3o Pol\u00edtica              <\/p>\n<\/div>\n<p><br \/>\n<br \/><a href=\"https:\/\/diariodobrasilnoticias.com.br\/noticia\/desaprovacao-ao-governo-lula-dispara-e-atinge-novo-recorde-61-dos-brasileiros-reprovam-a-gestao-67ead884bae96\">Source link <\/a><\/p>","protected":false},"excerpt":{"rendered":"<p>O governo do presidente Luiz In\u00e1cio Lula da Silva (PT) \u00e9 reprovado por 61% dos brasileiros, segundo pesquisa do Instituto Gerp neste fim de semana. A aprova\u00e7\u00e3o do governo foi&hellip;<\/p>","protected":false},"author":1,"featured_media":115534,"comment_status":"closed","ping_status":"open","sticky":false,"template":"","format":"standard","meta":{"content-type":"","footnotes":""},"categories":[16],"tags":[123,2448,5313,1267],"class_list":["post-115533","post","type-post","status-publish","format-standard","has-post-thumbnail","hentry","category-noticias","tag-brasil","tag-diario","tag-noticia","tag-noticias"],"_links":{"self":[{"href":"https:\/\/tvbrazilusa.com\/pt\/wp-json\/wp\/v2\/posts\/115533","targetHints":{"allow":["GET"]}}],"collection":[{"href":"https:\/\/tvbrazilusa.com\/pt\/wp-json\/wp\/v2\/posts"}],"about":[{"href":"https:\/\/tvbrazilusa.com\/pt\/wp-json\/wp\/v2\/types\/post"}],"author":[{"embeddable":true,"href":"https:\/\/tvbrazilusa.com\/pt\/wp-json\/wp\/v2\/users\/1"}],"replies":[{"embeddable":true,"href":"https:\/\/tvbrazilusa.com\/pt\/wp-json\/wp\/v2\/comments?post=115533"}],"version-history":[{"count":1,"href":"https:\/\/tvbrazilusa.com\/pt\/wp-json\/wp\/v2\/posts\/115533\/revisions"}],"predecessor-version":[{"id":115535,"href":"https:\/\/tvbrazilusa.com\/pt\/wp-json\/wp\/v2\/posts\/115533\/revisions\/115535"}],"wp:featuredmedia":[{"embeddable":true,"href":"https:\/\/tvbrazilusa.com\/pt\/wp-json\/wp\/v2\/media\/115534"}],"wp:attachment":[{"href":"https:\/\/tvbrazilusa.com\/pt\/wp-json\/wp\/v2\/media?parent=115533"}],"wp:term":[{"taxonomy":"category","embeddable":true,"href":"https:\/\/tvbrazilusa.com\/pt\/wp-json\/wp\/v2\/categories?post=115533"},{"taxonomy":"post_tag","embeddable":true,"href":"https:\/\/tvbrazilusa.com\/pt\/wp-json\/wp\/v2\/tags?post=115533"}],"curies":[{"name":"wp","href":"https:\/\/api.w.org\/{rel}","templated":true}]}}