{"id":115536,"date":"2025-03-31T20:32:44","date_gmt":"2025-03-31T20:32:44","guid":{"rendered":"https:\/\/tvbrazilusa.com\/2025\/03\/31\/ministros-do-stf-divergem-sobre-o-tamanho-das-penas-do-8-de-janeiro\/"},"modified":"2025-03-31T20:32:48","modified_gmt":"2025-03-31T20:32:48","slug":"ministros-do-stf-divergem-sobre-o-tamanho-das-penas-do-8-de-janeiro","status":"publish","type":"post","link":"https:\/\/tvbrazilusa.com\/pt\/2025\/03\/31\/ministros-do-stf-divergem-sobre-o-tamanho-das-penas-do-8-de-janeiro\/","title":{"rendered":"Ministros do STF divergem sobre o tamanho das penas do 8 de janeiro"},"content":{"rendered":"<p> <script async src=\"https:\/\/pagead2.googlesyndication.com\/pagead\/js\/adsbygoogle.js?client=ca-pub-8864793242727901\"\r\n     crossorigin=\"anonymous\"><\/script><br \/>\n<\/p>\n<div id=\"taboola-read-more\" style=\"display:block; width:100%\">\n<p>A possibilidade de mudan\u00e7a de opini\u00e3o do ministro Luiz Fux em rela\u00e7\u00e3o \u00e0s penas dos envolvidos nos eventos de 8 de janeiro gerou apreens\u00e3o sobre os julgamentos no Supremo Tribunal Federal (STF).\n<\/p>\n<p>Ouvidos pelo jornal Folha de S. Paulo, cinco dos 11 ministros do STF se opuseram \u00e0s penas m\u00e1ximas propostas por Alexandre de Moraes, relator de mais de 1,6 mil a\u00e7\u00f5es penais relacionadas aos ataques aos Tr\u00eas Poderes.<\/p>\n<p>Se Fux decidir reavaliar sua posi\u00e7\u00e3o e apoiar penas mais leves, isso poderia criar uma maioria favor\u00e1vel a senten\u00e7as intermedi\u00e1rias em julgamentos futuros. Tradicionalmente, Fux \u00e9 visto como parte do setor punitivista do Supremo.\n<\/p>\n<p>No entanto, seu desejo de revisar o caso da cabeleireira D\u00e9bora Rodrigues dos Santos, envolvida nos ataques, sugere uma reconsidera\u00e7\u00e3o de sua postura habitual. A cabeleireira escreveu \u201cperdeu, man\u00e9\u201d em uma est\u00e1tua durante os incidentes.\n<\/p>\n<p>A discuss\u00e3o sobre o princ\u00edpio da consuma\u00e7\u00e3o, que impede a condena\u00e7\u00e3o por crimes intermedi\u00e1rios sem a concretiza\u00e7\u00e3o do crime principal, depende de uma poss\u00edvel mudan\u00e7a no voto de Fux. As defesas alegam que n\u00e3o deveriam ser punidas por tentativa de abolir o Estado democr\u00e1tico de Direito, j\u00e1 que o objetivo final era um golpe de Estado.\n<\/p>\n<p><strong>Diverg\u00eancias entre os ministros do STF<\/strong>\n<\/p>\n<p>At\u00e9 mar\u00e7o de 2025, 45 condena\u00e7\u00f5es a 17 anos foram emitidas seguindo as orienta\u00e7\u00f5es de Alexandre de Moraes, com apoio integral de ministros como Gilmar Mendes, Dias Toffoli, Luiz Fux, Fl\u00e1vio Dino e C\u00e1rmen L\u00facia. Cristiano Zanin e Edson Fachin, embora geralmente sigam Moraes, sugerem penas intermedi\u00e1rias de 15 anos em alguns casos.\n<\/p>\n<p>Lu\u00eds Roberto Barroso diverge em muitos processos, propondo a retirada da condena\u00e7\u00e3o por tentativa de aboli\u00e7\u00e3o do Estado de Direito, o que reduziria as penas para 11 anos e seis meses.\n<\/p>\n<p>Andr\u00e9 Mendon\u00e7a apresenta sugest\u00f5es de pena entre sete e quatro anos, dependendo das provas. Kassio Nunes Marques rejeita a ideia de crimes contra o Estado, propondo penas menores por incita\u00e7\u00e3o ao crime ou danos ao patrim\u00f4nio p\u00fablico.\n<\/p>\n<p>Das 45 condena\u00e7\u00f5es a 17 anos, apenas cinco foram decididas pela Primeira Turma do STF, onde h\u00e1 consenso sobre a condena\u00e7\u00e3o por cinco crimes, com Cristiano Zanin sendo o \u00fanico a sugerir penas levemente menores.\n<\/p>\n<p>Embora a mudan\u00e7a de posi\u00e7\u00e3o de Fux possa ter impacto limitado na Primeira Turma, a incerteza no plen\u00e1rio permanece.\n<\/p>\n<p>Transfer\u00eancia de processos e revis\u00f5es de condena\u00e7\u00f5es<br \/>Em dezembro de 2023, o Supremo transferiu as a\u00e7\u00f5es penais para as Turmas, evitando que a carga de processos relacionados ao 8 de janeiro sobrecarregasse o plen\u00e1rio.\n<\/p>\n<p>As acusa\u00e7\u00f5es recebidas antes dessa data correm no plen\u00e1rio, enquanto as posteriores s\u00e3o analisadas pela Primeira Turma. Mesmo as decis\u00f5es das Turmas podem ser levadas ao plen\u00e1rio, com algumas defesas buscando revis\u00f5es criminais das senten\u00e7as finais.\n<\/p>\n<p>Tr\u00eas condenados a mais de 14 anos de pris\u00e3o entraram com recursos no Supremo para revis\u00e3o de suas condena\u00e7\u00f5es. O ministro Edson Fachin \u00e9 respons\u00e1vel por dois desses casos, enquanto Fl\u00e1vio Dino foi sorteado relator de um outro.\n<\/p>\n<p>Durante o an\u00fancio de que revisaria o caso de D\u00e9bora dos Santos, Fux destacou a import\u00e2ncia da \u201chumildade judicial\u201d e a necessidade de refletir sobre erros e acertos, reconhecendo que \u201cdebaixo da toga bate o cora\u00e7\u00e3o de um homem\u201d.\n<\/p>\n<p>Fonte: Revista Oeste              <\/p>\n<\/div>\n<p><br \/>\n<br \/><a href=\"https:\/\/diariodobrasilnoticias.com.br\/noticia\/ministros-do-stf-divergem-sobre-o-tamanho-das-penas-do-8-de-janeiro-67ead8168b361\">Source link <\/a><\/p>","protected":false},"excerpt":{"rendered":"<p>A possibilidade de mudan\u00e7a de opini\u00e3o do ministro Luiz Fux em rela\u00e7\u00e3o \u00e0s penas dos envolvidos nos eventos de 8 de janeiro gerou apreens\u00e3o sobre os julgamentos no Supremo Tribunal&hellip;<\/p>","protected":false},"author":1,"featured_media":115537,"comment_status":"closed","ping_status":"open","sticky":false,"template":"","format":"standard","meta":{"content-type":"","footnotes":""},"categories":[16],"tags":[123,2448,5313,1267],"class_list":["post-115536","post","type-post","status-publish","format-standard","has-post-thumbnail","hentry","category-noticias","tag-brasil","tag-diario","tag-noticia","tag-noticias"],"_links":{"self":[{"href":"https:\/\/tvbrazilusa.com\/pt\/wp-json\/wp\/v2\/posts\/115536","targetHints":{"allow":["GET"]}}],"collection":[{"href":"https:\/\/tvbrazilusa.com\/pt\/wp-json\/wp\/v2\/posts"}],"about":[{"href":"https:\/\/tvbrazilusa.com\/pt\/wp-json\/wp\/v2\/types\/post"}],"author":[{"embeddable":true,"href":"https:\/\/tvbrazilusa.com\/pt\/wp-json\/wp\/v2\/users\/1"}],"replies":[{"embeddable":true,"href":"https:\/\/tvbrazilusa.com\/pt\/wp-json\/wp\/v2\/comments?post=115536"}],"version-history":[{"count":1,"href":"https:\/\/tvbrazilusa.com\/pt\/wp-json\/wp\/v2\/posts\/115536\/revisions"}],"predecessor-version":[{"id":115538,"href":"https:\/\/tvbrazilusa.com\/pt\/wp-json\/wp\/v2\/posts\/115536\/revisions\/115538"}],"wp:featuredmedia":[{"embeddable":true,"href":"https:\/\/tvbrazilusa.com\/pt\/wp-json\/wp\/v2\/media\/115537"}],"wp:attachment":[{"href":"https:\/\/tvbrazilusa.com\/pt\/wp-json\/wp\/v2\/media?parent=115536"}],"wp:term":[{"taxonomy":"category","embeddable":true,"href":"https:\/\/tvbrazilusa.com\/pt\/wp-json\/wp\/v2\/categories?post=115536"},{"taxonomy":"post_tag","embeddable":true,"href":"https:\/\/tvbrazilusa.com\/pt\/wp-json\/wp\/v2\/tags?post=115536"}],"curies":[{"name":"wp","href":"https:\/\/api.w.org\/{rel}","templated":true}]}}