{"id":11554,"date":"2024-07-29T18:34:23","date_gmt":"2024-07-29T18:34:23","guid":{"rendered":"https:\/\/tvbrazilusa.com\/2024\/07\/29\/alinhado-a-maduro-chefe-do-mp-diz-que-lider-opositora-sera-investigada\/"},"modified":"2024-07-29T18:38:31","modified_gmt":"2024-07-29T18:38:31","slug":"alinhado-a-maduro-chefe-do-mp-diz-que-lider-opositora-sera-investigada","status":"publish","type":"post","link":"https:\/\/tvbrazilusa.com\/pt\/2024\/07\/29\/alinhado-a-maduro-chefe-do-mp-diz-que-lider-opositora-sera-investigada\/","title":{"rendered":"Alinhado a Maduro, chefe do MP diz que l\u00edder opositora ser\u00e1 investigada"},"content":{"rendered":"<p> <script async src=\"https:\/\/pagead2.googlesyndication.com\/pagead\/js\/adsbygoogle.js?client=ca-pub-8864793242727901\"\r\n     crossorigin=\"anonymous\"><\/script><br \/>\n<\/p>\n<div>\n<p><em>Foto: Reprodu\u00e7\u00e3o\/Twitter\/X<\/em><\/p>\n<p>Nesta segunda-feira, 29 de julho de 2024, o chefe do Minist\u00e9rio P\u00fablico da Venezuela, Tarek Saab, anunciou a abertura de uma investiga\u00e7\u00e3o contra a ex-deputada Mar\u00eda Corina Machado. Ela est\u00e1 sendo acusada de envolvimento em uma suposta \u201cfraude eleitoral\u201d. Segundo Saab, Machado tentou \u201cadulterar as atas\u201d da elei\u00e7\u00e3o presidencial.<\/p>\n<p>O procurador-geral tamb\u00e9m associou a ex-deputada a um ataque hacker aos sistemas do Conselho Nacional Eleitoral (CNE). De acordo com ele, \u201cfelizmente, essa a\u00e7\u00e3o n\u00e3o teve sucesso, mas atrasou o processo e o an\u00fancio dos resultados.\u201d<\/p>\n<h2 class=\"wp-block-heading\">Investiga\u00e7\u00f5es sobre Mar\u00eda Corina Machado<\/h2>\n<p>Em uma coletiva de imprensa, Saab afirmou que Mar\u00eda Corina Machado teria adulterado as atas eleitorais, e mencionou a Maced\u00f4nia do Norte como a origem do \u201catentado\u201d. \u201cQueriam adulterar as atas\u201d, declarou Saab, sem fornecer provas concretas. Segundo informa\u00e7\u00f5es recebidas pelo Minist\u00e9rio P\u00fablico, o principal envolvido no ataque seria o cidad\u00e3o Lester Toledo, que atualmente est\u00e1 foragido no exterior.<\/p>\n<p>Saab tamb\u00e9m mencionou outros nomes associados ao caso: \u201cJunto a Toledo, aparecem como envolvidos o foragido Leopoldo L\u00f3pez e Mar\u00eda Corina Machado. Os fiscais est\u00e3o recolhendo os elementos de convic\u00e7\u00e3o dessas a\u00e7\u00f5es que tentaram adulterar os resultados.\u201d<\/p>\n<h2 class=\"wp-block-heading\">O que disse Mar\u00eda Corina Machado?<\/h2>\n<p>Na noite anterior, em um pronunciamento que surpreendeu pela rapidez, o CNE declarou Nicol\u00e1s Maduro reeleito com 51,2% dos votos. No entanto, Mar\u00eda Corina Machado contestou esses resultados, afirmando que o verdadeiro presidente eleito seria Edmundo Gonz\u00e1les.<\/p>\n<ul class=\"wp-block-list\">\n<li>\u201cA Venezuela tem um presidente eleito, e ele \u00e9 Edmundo Gonz\u00e1les\u201d, rebateu Machado.<\/li>\n<li>Ela pediu \u00e0 popula\u00e7\u00e3o que se mantivesse firme e orgulhosa do que foi feito.<\/li>\n<li>Disse ainda que, nos pr\u00f3ximos dias, seriam anunciadas a\u00e7\u00f5es para defender a verdade.<\/li>\n<\/ul>\n<p>\u00a0<\/p>\n<h2 class=\"wp-block-heading\">Oportunidade de Mudan\u00e7a?<\/h2>\n<p>Este epis\u00f3dio destaca uma s\u00e9rie de quest\u00f5es que permanecem sem resposta na pol\u00edtica venezuelana. Quem ter\u00e1 raz\u00e3o? Ser\u00e1 que o sistema eleitoral est\u00e1 realmente fragilizado? Essas perguntas ecoam tanto dentro do pa\u00eds quanto no cen\u00e1rio internacional.<\/p>\n<p>As elei\u00e7\u00f5es na Venezuela t\u00eam sido frequentemente controversas, e esta n\u00e3o parece ser uma exce\u00e7\u00e3o. Com os \u00e2nimos acirrados e ambas as partes firmes em suas respectivas posi\u00e7\u00f5es, resta saber quais ser\u00e3o os pr\u00f3ximos passos e como isso afetar\u00e1 a j\u00e1 conturbada pol\u00edtica do pa\u00eds.<\/p>\n<p>Resta-nos aguardar o desenrolar dos acontecimentos e observar se a verdade prevalecer\u00e1. At\u00e9 l\u00e1, a Venezuela se mant\u00e9m em uma encruzilhada pol\u00edtica, esperando por respostas e, talvez, por justi\u00e7a.<\/p>\n<h2 class=\"wp-block-heading\">Como a comunidade internacional reage?<\/h2>\n<p>Diante dessas alega\u00e7\u00f5es, a comunidade internacional tamb\u00e9m se posiciona. Pa\u00edses e organiza\u00e7\u00f5es monitoram de perto os desdobramentos na Venezuela. A legitimidade do processo eleitoral e a estabilidade pol\u00edtica do pa\u00eds s\u00e3o quest\u00f5es de preocupa\u00e7\u00e3o global.<\/p>\n<ol class=\"wp-block-list\">\n<li>Observadores estrangeiros poder\u00e3o intervir?<\/li>\n<li>San\u00e7\u00f5es internacionais ser\u00e3o aplicadas?<\/li>\n<li>Novas elei\u00e7\u00f5es podem ser convocadas?<\/li>\n<\/ol>\n<p>\u00a0<\/p>\n<p>Essas s\u00e3o quest\u00f5es que podem influenciar os rumos da Venezuela nos pr\u00f3ximos meses e definir o futuro de sua democracia.<\/p>\n<\/p><\/div>\n<p><br \/>\n<br \/><a href=\"https:\/\/terrabrasilnoticias.com\/2024\/07\/alinhado-a-maduro-chefe-do-mp-diz-que-lider-opositora-sera-investigada\/\">Source link <\/a><\/p>","protected":false},"excerpt":{"rendered":"<p>Foto: Reprodu\u00e7\u00e3o\/Twitter\/X Nesta segunda-feira, 29 de julho de 2024, o chefe do Minist\u00e9rio P\u00fablico da Venezuela, Tarek Saab, anunciou a abertura de uma investiga\u00e7\u00e3o contra a ex-deputada Mar\u00eda Corina Machado.&hellip;<\/p>","protected":false},"author":1,"featured_media":11555,"comment_status":"closed","ping_status":"open","sticky":false,"template":"","format":"standard","meta":{"content-type":"","footnotes":""},"categories":[16],"tags":[],"class_list":["post-11554","post","type-post","status-publish","format-standard","has-post-thumbnail","hentry","category-noticias"],"_links":{"self":[{"href":"https:\/\/tvbrazilusa.com\/pt\/wp-json\/wp\/v2\/posts\/11554","targetHints":{"allow":["GET"]}}],"collection":[{"href":"https:\/\/tvbrazilusa.com\/pt\/wp-json\/wp\/v2\/posts"}],"about":[{"href":"https:\/\/tvbrazilusa.com\/pt\/wp-json\/wp\/v2\/types\/post"}],"author":[{"embeddable":true,"href":"https:\/\/tvbrazilusa.com\/pt\/wp-json\/wp\/v2\/users\/1"}],"replies":[{"embeddable":true,"href":"https:\/\/tvbrazilusa.com\/pt\/wp-json\/wp\/v2\/comments?post=11554"}],"version-history":[{"count":1,"href":"https:\/\/tvbrazilusa.com\/pt\/wp-json\/wp\/v2\/posts\/11554\/revisions"}],"predecessor-version":[{"id":11556,"href":"https:\/\/tvbrazilusa.com\/pt\/wp-json\/wp\/v2\/posts\/11554\/revisions\/11556"}],"wp:featuredmedia":[{"embeddable":true,"href":"https:\/\/tvbrazilusa.com\/pt\/wp-json\/wp\/v2\/media\/11555"}],"wp:attachment":[{"href":"https:\/\/tvbrazilusa.com\/pt\/wp-json\/wp\/v2\/media?parent=11554"}],"wp:term":[{"taxonomy":"category","embeddable":true,"href":"https:\/\/tvbrazilusa.com\/pt\/wp-json\/wp\/v2\/categories?post=11554"},{"taxonomy":"post_tag","embeddable":true,"href":"https:\/\/tvbrazilusa.com\/pt\/wp-json\/wp\/v2\/tags?post=11554"}],"curies":[{"name":"wp","href":"https:\/\/api.w.org\/{rel}","templated":true}]}}