{"id":115542,"date":"2025-03-31T20:58:42","date_gmt":"2025-03-31T20:58:42","guid":{"rendered":"https:\/\/tvbrazilusa.com\/2025\/03\/31\/moraes-autoriza-viagem-de-mauro-cid-a-sao-paulo-veja-video\/"},"modified":"2025-03-31T20:58:45","modified_gmt":"2025-03-31T20:58:45","slug":"moraes-autoriza-viagem-de-mauro-cid-a-sao-paulo-veja-video","status":"publish","type":"post","link":"https:\/\/tvbrazilusa.com\/pt\/2025\/03\/31\/moraes-autoriza-viagem-de-mauro-cid-a-sao-paulo-veja-video\/","title":{"rendered":"Moraes autoriza viagem de Mauro Cid a S\u00e3o Paulo; VEJA V\u00cdDEO"},"content":{"rendered":"<p> <script async src=\"https:\/\/pagead2.googlesyndication.com\/pagead\/js\/adsbygoogle.js?client=ca-pub-8864793242727901\"\r\n     crossorigin=\"anonymous\"><\/script><br \/>\n<\/p>\n<div>\n<figure class=\"post-image\">\n<\/figure>\n<p>            <span style=\"font-size: 12px\">Reprodu\u00e7\u00e3o<\/span><\/p>\n<p>            <!-- end metas --><br \/>\n            <!-- ADS --><\/p>\n<div id=\"taboola-read-more\" style=\"display:block; width:100%\">\n<p>O ministro Alexandre de Moraes, do Supremo Tribunal Federal (STF), autorizou nesta segunda-feira, 31 de mar\u00e7o de 2025, a viagem do tenente-coronel Mauro Cid a S\u00e3o Paulo, entre os dias 1\u00ba e 7 de abril. Cid, r\u00e9u no inqu\u00e9rito que investiga uma suposta tentativa de golpe de Estado em 2022, pediu permiss\u00e3o para acompanhar sua filha, menor de idade, em uma premia\u00e7\u00e3o de hipismo e uma competi\u00e7\u00e3o no Jockey Club da capital paulista. Apesar de cumprir medidas cautelares h\u00e1 cerca de dois anos, como o uso de tornozeleira eletr\u00f4nica e a obriga\u00e7\u00e3o de se apresentar semanalmente \u00e0 Justi\u00e7a, Moraes concedeu a libera\u00e7\u00e3o, atendendo ao argumento da defesa de que o evento familiar justifica a exce\u00e7\u00e3o ap\u00f3s longo per\u00edodo de restri\u00e7\u00f5es.\n<\/p>\n<p><strong>ASSISTA:<\/strong><\/p>\n<blockquote class=\"twitter-tweet\" data-media-max-width=\"560\">\n<p dir=\"ltr\" lang=\"pt\">Moraes autoriza viagem de Mauro Cid a S\u00e3o Paulo; assista <a href=\"https:\/\/twitter.com\/hashtag\/CNNBrasil360?src=hash&#038;ref_src=twsrc%5Etfw\">#CNNBrasil360<\/a>\u00b0 <a href=\"https:\/\/t.co\/Otrq95n21n\">pic.twitter.com\/Otrq95n21n<\/a><br \/>\n\u2014 CNN Brasil (@CNNBrasil) <a href=\"https:\/\/twitter.com\/CNNBrasil\/status\/1906780354968449065?ref_src=twsrc%5Etfw\">March 31, 2025<\/a><\/p>\n<\/blockquote>\n<\/div>\n<p>Fonte: @cnnbrasil \/ X              <\/p>\n<\/div>\n<p><script async src=\"\/\/platform.twitter.com\/widgets.js\" charset=\"utf-8\"><\/script><br \/>\n<br \/><br \/>\n<br \/><a href=\"https:\/\/diariodobrasilnoticias.com.br\/noticia\/moraes-autoriza-viagem-de-mauro-cid-a-sao-paulo-veja-video-67eae893a3af9\">Source link <\/a><\/p>","protected":false},"excerpt":{"rendered":"<p>Reprodu\u00e7\u00e3o O ministro Alexandre de Moraes, do Supremo Tribunal Federal (STF), autorizou nesta segunda-feira, 31 de mar\u00e7o de 2025, a viagem do tenente-coronel Mauro Cid a S\u00e3o Paulo, entre os&hellip;<\/p>","protected":false},"author":1,"featured_media":115543,"comment_status":"closed","ping_status":"open","sticky":false,"template":"","format":"standard","meta":{"content-type":"","footnotes":""},"categories":[16],"tags":[123,2448,5313,1267],"class_list":["post-115542","post","type-post","status-publish","format-standard","has-post-thumbnail","hentry","category-noticias","tag-brasil","tag-diario","tag-noticia","tag-noticias"],"_links":{"self":[{"href":"https:\/\/tvbrazilusa.com\/pt\/wp-json\/wp\/v2\/posts\/115542","targetHints":{"allow":["GET"]}}],"collection":[{"href":"https:\/\/tvbrazilusa.com\/pt\/wp-json\/wp\/v2\/posts"}],"about":[{"href":"https:\/\/tvbrazilusa.com\/pt\/wp-json\/wp\/v2\/types\/post"}],"author":[{"embeddable":true,"href":"https:\/\/tvbrazilusa.com\/pt\/wp-json\/wp\/v2\/users\/1"}],"replies":[{"embeddable":true,"href":"https:\/\/tvbrazilusa.com\/pt\/wp-json\/wp\/v2\/comments?post=115542"}],"version-history":[{"count":1,"href":"https:\/\/tvbrazilusa.com\/pt\/wp-json\/wp\/v2\/posts\/115542\/revisions"}],"predecessor-version":[{"id":115544,"href":"https:\/\/tvbrazilusa.com\/pt\/wp-json\/wp\/v2\/posts\/115542\/revisions\/115544"}],"wp:featuredmedia":[{"embeddable":true,"href":"https:\/\/tvbrazilusa.com\/pt\/wp-json\/wp\/v2\/media\/115543"}],"wp:attachment":[{"href":"https:\/\/tvbrazilusa.com\/pt\/wp-json\/wp\/v2\/media?parent=115542"}],"wp:term":[{"taxonomy":"category","embeddable":true,"href":"https:\/\/tvbrazilusa.com\/pt\/wp-json\/wp\/v2\/categories?post=115542"},{"taxonomy":"post_tag","embeddable":true,"href":"https:\/\/tvbrazilusa.com\/pt\/wp-json\/wp\/v2\/tags?post=115542"}],"curies":[{"name":"wp","href":"https:\/\/api.w.org\/{rel}","templated":true}]}}