{"id":115553,"date":"2025-03-31T21:22:20","date_gmt":"2025-03-31T21:22:20","guid":{"rendered":"https:\/\/tvbrazilusa.com\/2025\/03\/31\/supermercado-vende-ovos-por-r-899-e-atrai-multidao-veja-video\/"},"modified":"2025-03-31T21:22:21","modified_gmt":"2025-03-31T21:22:21","slug":"supermercado-vende-ovos-por-r-899-e-atrai-multidao-veja-video","status":"publish","type":"post","link":"https:\/\/tvbrazilusa.com\/pt\/2025\/03\/31\/supermercado-vende-ovos-por-r-899-e-atrai-multidao-veja-video\/","title":{"rendered":"Supermercado vende ovos por R$ 8,99 e atrai multid\u00e3o; VEJA V\u00cdDEO"},"content":{"rendered":"<p> <script async src=\"https:\/\/pagead2.googlesyndication.com\/pagead\/js\/adsbygoogle.js?client=ca-pub-8864793242727901\"\r\n     crossorigin=\"anonymous\"><\/script><br \/>\n<\/p>\n<div id=\"taboola-read-more\" style=\"display:block; width:100%\">\n<p>Um supermercado atacadista atraiu dezenas de clientes, na \u00faltima sexta-feira (28), ao vender uma bandeja com 20 ovos de R$ 19,99 por R$ 8,99, no bairro Planalto Ayrton Senna, em Fortaleza. Neste m\u00eas, o item acumula uma alta de 19,44%, conforme o mais recente \u00cdndice Nacional de Pre\u00e7os ao Consumidor Amplo 15 (IPCA-15). A demanda pela prote\u00edna tamb\u00e9m est\u00e1 aquecida pela Quaresma, quando cat\u00f3licos evitam consumir alguns tipos de carne, em especial a vermelha.\n<\/p>\n<p><strong>ASSISTA:<\/strong><\/p>\n<p>Fonte: @diariodonordeste \/ Instagram              <\/p>\n<\/div>\n<p><br \/>\n<br \/><a href=\"https:\/\/diariodobrasilnoticias.com.br\/noticia\/supermercado-vende-ovos-por-r-8-99-e-atrai-multidao-veja-video-67eaee17795d6\">Source link <\/a><\/p>","protected":false},"excerpt":{"rendered":"<p>Um supermercado atacadista atraiu dezenas de clientes, na \u00faltima sexta-feira (28), ao vender uma bandeja com 20 ovos de R$ 19,99 por R$ 8,99, no bairro Planalto Ayrton Senna, em&hellip;<\/p>","protected":false},"author":1,"featured_media":115554,"comment_status":"closed","ping_status":"open","sticky":false,"template":"","format":"standard","meta":{"content-type":"","footnotes":""},"categories":[16],"tags":[123,2448,5313,1267],"class_list":["post-115553","post","type-post","status-publish","format-standard","has-post-thumbnail","hentry","category-noticias","tag-brasil","tag-diario","tag-noticia","tag-noticias"],"_links":{"self":[{"href":"https:\/\/tvbrazilusa.com\/pt\/wp-json\/wp\/v2\/posts\/115553","targetHints":{"allow":["GET"]}}],"collection":[{"href":"https:\/\/tvbrazilusa.com\/pt\/wp-json\/wp\/v2\/posts"}],"about":[{"href":"https:\/\/tvbrazilusa.com\/pt\/wp-json\/wp\/v2\/types\/post"}],"author":[{"embeddable":true,"href":"https:\/\/tvbrazilusa.com\/pt\/wp-json\/wp\/v2\/users\/1"}],"replies":[{"embeddable":true,"href":"https:\/\/tvbrazilusa.com\/pt\/wp-json\/wp\/v2\/comments?post=115553"}],"version-history":[{"count":1,"href":"https:\/\/tvbrazilusa.com\/pt\/wp-json\/wp\/v2\/posts\/115553\/revisions"}],"predecessor-version":[{"id":115555,"href":"https:\/\/tvbrazilusa.com\/pt\/wp-json\/wp\/v2\/posts\/115553\/revisions\/115555"}],"wp:featuredmedia":[{"embeddable":true,"href":"https:\/\/tvbrazilusa.com\/pt\/wp-json\/wp\/v2\/media\/115554"}],"wp:attachment":[{"href":"https:\/\/tvbrazilusa.com\/pt\/wp-json\/wp\/v2\/media?parent=115553"}],"wp:term":[{"taxonomy":"category","embeddable":true,"href":"https:\/\/tvbrazilusa.com\/pt\/wp-json\/wp\/v2\/categories?post=115553"},{"taxonomy":"post_tag","embeddable":true,"href":"https:\/\/tvbrazilusa.com\/pt\/wp-json\/wp\/v2\/tags?post=115553"}],"curies":[{"name":"wp","href":"https:\/\/api.w.org\/{rel}","templated":true}]}}