{"id":115570,"date":"2025-03-31T22:11:43","date_gmt":"2025-03-31T22:11:43","guid":{"rendered":"https:\/\/tvbrazilusa.com\/2025\/03\/31\/pensei-em-tirar-a-minha-vida-condenado-pelo-8-1-relata-drama-na-argentina\/"},"modified":"2025-03-31T22:11:44","modified_gmt":"2025-03-31T22:11:44","slug":"pensei-em-tirar-a-minha-vida-condenado-pelo-8-1-relata-drama-na-argentina","status":"publish","type":"post","link":"https:\/\/tvbrazilusa.com\/pt\/2025\/03\/31\/pensei-em-tirar-a-minha-vida-condenado-pelo-8-1-relata-drama-na-argentina\/","title":{"rendered":"&#8216;Pensei em tirar a minha vida&#8217;: condenado pelo 8\/1 relata drama na Argentina"},"content":{"rendered":"<p> <script async src=\"https:\/\/pagead2.googlesyndication.com\/pagead\/js\/adsbygoogle.js?client=ca-pub-8864793242727901\"\r\n     crossorigin=\"anonymous\"><\/script><br \/>\n<\/p>\n<div id=\"taboola-read-more\" style=\"display:block; width:100%\">\n<p>Condenado pelo Supremo Tribunal Federal a 13 anos e seis meses de pris\u00e3o por ter participado do 8 de janeiro, o empres\u00e1rio Joel Corr\u00eaa, de Tubar\u00e3o (SC), escreveu uma carta direto de uma cadeia, na Argentina.\n<\/p>\n<p>O homem foi detido em 19 de novembro, durante uma blitz em El Volc\u00e1n, na Prov\u00edncia de San Luis.<\/p>\n<p>De acordo com autoridades locais, Corr\u00eaa vivia em Buenos Aires.\n<\/p>\n<p>\u201cNunca imaginei passar por isso num pa\u00eds no qual o presidente fala sempre em liberdade\u201d, disse Corr\u00eaa, em alus\u00e3o a Javier Milei, em uma carta enviada por familiares a Oeste. \u201cEm alguns momentos, tive vontade de tirar a pr\u00f3pria vida, mas n\u00e3o o fiz por meus filhos e minha fam\u00edlia. Depois disso, pedi um psiquiatra e estou em tratamento desde ent\u00e3o. Tomo dois tipos de rem\u00e9dios todos os dias. Depois desse tempo no calabou\u00e7o, fui transferido para uma penitenci\u00e1ria com presos comuns (cometeram crimes de verdade), onde fiquei oito dias sofrendo mais humilha\u00e7\u00f5es todos os dias. Na sequ\u00eancia, fui transferido para outra penitenci\u00e1ria, em uma viagem de 14 horas, algemado e acorrentado, o que foi outra tortura.\u201d\n<\/p>\n<p><strong>Preso do 8 de janeiro diz \u201cn\u00e3o ter esperan\u00e7as\u201d<\/strong>\n<\/p>\n<p>Ainda no documento, Corr\u00eaa diz n\u00e3o ter esperan\u00e7as. \u201cO governo que fala em liberdade nos mant\u00e9m presos\u201d, observou o homem. \u201cQue liberdade \u00e9 essa? Hoje, estamos presos em quatro homens e uma mulher, aqui, na Argentina. Todos sem antecedentes criminais. At\u00e9 quando ficaremos aqui?\u201d\n<\/p>\n<p>\u201cDesde que cheguei \u00e0 Argentina, fiz o pedido de ref\u00fagio pol\u00edtico e segui vivendo de forma livre aqui at\u00e9 novembro, quando fui preso por um pedido de captura do Brasil, o que considero uma pris\u00e3o ilegal, j\u00e1 que tenho o ref\u00fagio provis\u00f3rio\u201d, disse.\n<\/p>\n<p>Fonte: Revista Oeste              <\/p>\n<\/div>\n<p><br \/>\n<br \/><a href=\"https:\/\/diariodobrasilnoticias.com.br\/noticia\/-pensei-em-tirar-a-minha-vida-condenado-pelo-8-1-relata-drama-na-argentina-67eaf3c9da76b\">Source link <\/a><\/p>","protected":false},"excerpt":{"rendered":"<p>Condenado pelo Supremo Tribunal Federal a 13 anos e seis meses de pris\u00e3o por ter participado do 8 de janeiro, o empres\u00e1rio Joel Corr\u00eaa, de Tubar\u00e3o (SC), escreveu uma carta&hellip;<\/p>","protected":false},"author":1,"featured_media":115571,"comment_status":"closed","ping_status":"open","sticky":false,"template":"","format":"standard","meta":{"content-type":"","footnotes":""},"categories":[16],"tags":[123,2448,5313,1267],"class_list":["post-115570","post","type-post","status-publish","format-standard","has-post-thumbnail","hentry","category-noticias","tag-brasil","tag-diario","tag-noticia","tag-noticias"],"_links":{"self":[{"href":"https:\/\/tvbrazilusa.com\/pt\/wp-json\/wp\/v2\/posts\/115570","targetHints":{"allow":["GET"]}}],"collection":[{"href":"https:\/\/tvbrazilusa.com\/pt\/wp-json\/wp\/v2\/posts"}],"about":[{"href":"https:\/\/tvbrazilusa.com\/pt\/wp-json\/wp\/v2\/types\/post"}],"author":[{"embeddable":true,"href":"https:\/\/tvbrazilusa.com\/pt\/wp-json\/wp\/v2\/users\/1"}],"replies":[{"embeddable":true,"href":"https:\/\/tvbrazilusa.com\/pt\/wp-json\/wp\/v2\/comments?post=115570"}],"version-history":[{"count":1,"href":"https:\/\/tvbrazilusa.com\/pt\/wp-json\/wp\/v2\/posts\/115570\/revisions"}],"predecessor-version":[{"id":115572,"href":"https:\/\/tvbrazilusa.com\/pt\/wp-json\/wp\/v2\/posts\/115570\/revisions\/115572"}],"wp:featuredmedia":[{"embeddable":true,"href":"https:\/\/tvbrazilusa.com\/pt\/wp-json\/wp\/v2\/media\/115571"}],"wp:attachment":[{"href":"https:\/\/tvbrazilusa.com\/pt\/wp-json\/wp\/v2\/media?parent=115570"}],"wp:term":[{"taxonomy":"category","embeddable":true,"href":"https:\/\/tvbrazilusa.com\/pt\/wp-json\/wp\/v2\/categories?post=115570"},{"taxonomy":"post_tag","embeddable":true,"href":"https:\/\/tvbrazilusa.com\/pt\/wp-json\/wp\/v2\/tags?post=115570"}],"curies":[{"name":"wp","href":"https:\/\/api.w.org\/{rel}","templated":true}]}}