{"id":115576,"date":"2025-03-31T22:33:28","date_gmt":"2025-03-31T22:33:28","guid":{"rendered":"https:\/\/tvbrazilusa.com\/2025\/03\/31\/missionaria-presa-pelo-8-1-estava-coletando-dados-para-um-livro\/"},"modified":"2025-03-31T22:33:32","modified_gmt":"2025-03-31T22:33:32","slug":"missionaria-presa-pelo-8-1-estava-coletando-dados-para-um-livro","status":"publish","type":"post","link":"https:\/\/tvbrazilusa.com\/pt\/2025\/03\/31\/missionaria-presa-pelo-8-1-estava-coletando-dados-para-um-livro\/","title":{"rendered":"Mission\u00e1ria presa pelo 8\/1 estava coletando dados para um livro"},"content":{"rendered":"<p> <script async src=\"https:\/\/pagead2.googlesyndication.com\/pagead\/js\/adsbygoogle.js?client=ca-pub-8864793242727901\"\r\n     crossorigin=\"anonymous\"><\/script><br \/>\n<\/p>\n<div id=\"taboola-read-more\" style=\"display:block; width:100%\">\n<p>A mission\u00e1ria Eliene Amorim de Jesus, 28 anos, est\u00e1 presa em Pedrinhas desde 17 de mar\u00e7o de 2023, acusada de participar dos atos do 8 de janeiro. Assim como outras mulheres, pode ser condenada at\u00e9 17 anos de pris\u00e3o sem que sua rela\u00e7\u00e3o com os atos de vandalismo aos pr\u00e9dios dos Tr\u00eas Poderes tenha sido provada.\n<\/p>\n<p>O caso da mission\u00e1rio foi relembrado pelo jornalista Jos\u00e9 Linhares, do Maranh\u00e3o, mesmo estado onde Eliene mora e est\u00e1 presa. Segundo ele, ela estava em Bras\u00edlia e chegou a dizer nas redes sociais que iria escrever um livro sobre o que estava acontecendo.<\/p>\n<p>Negra e moradora do bairro Angelim, em S\u00e3o Lu\u00eds, ela tinha trabalhos como dom\u00e9stica, bab\u00e1, auxiliar de creche e manicure. Ela n\u00e3o tinha antecedentes criminais. Mesmo sem provas, sua pris\u00e3o foi \u201cem flagrante\u201d, dois meses ap\u00f3s o ato.\n<\/p>\n<p>Segundo o jornalista, Eliene era estudante de psicologia, ela foi para Bras\u00edlia para acompanhar e conhecer as pessoas que estavam acampadas nos quart\u00e9is. Seu objetivo era fazer uma avalia\u00e7\u00e3o psicol\u00f3gica sobre o que estava acontecendo e ent\u00e3o escrever um livro, como pesquisadora.\n<\/p>\n<p>Linhares diz que a mulher j\u00e1 tinha um vasto material de pesquisas, fotos e anota\u00e7\u00f5es, das manifesta\u00e7\u00f5es em S\u00e3o Lu\u00eds e foi ent\u00e3o para Bras\u00edlia, acompanhada por centenas de outros maranhenses, mas s\u00f3 ela foi presa, por ter compartilhado em suas redes sociais que estava em Bras\u00edlia naquele dia.\n<\/p>\n<p>Fonte: Pleno News              <\/p>\n<\/div>\n<p><br \/>\n<br \/><a href=\"https:\/\/diariodobrasilnoticias.com.br\/noticia\/missionaria-presa-pelo-8-1-estava-coletando-dados-para-um-livro-67eb0008c4a65\">Source link <\/a><\/p>","protected":false},"excerpt":{"rendered":"<p>A mission\u00e1ria Eliene Amorim de Jesus, 28 anos, est\u00e1 presa em Pedrinhas desde 17 de mar\u00e7o de 2023, acusada de participar dos atos do 8 de janeiro. Assim como outras&hellip;<\/p>","protected":false},"author":1,"featured_media":115577,"comment_status":"closed","ping_status":"open","sticky":false,"template":"","format":"standard","meta":{"content-type":"","footnotes":""},"categories":[16],"tags":[123,2448,5313,1267],"class_list":["post-115576","post","type-post","status-publish","format-standard","has-post-thumbnail","hentry","category-noticias","tag-brasil","tag-diario","tag-noticia","tag-noticias"],"_links":{"self":[{"href":"https:\/\/tvbrazilusa.com\/pt\/wp-json\/wp\/v2\/posts\/115576","targetHints":{"allow":["GET"]}}],"collection":[{"href":"https:\/\/tvbrazilusa.com\/pt\/wp-json\/wp\/v2\/posts"}],"about":[{"href":"https:\/\/tvbrazilusa.com\/pt\/wp-json\/wp\/v2\/types\/post"}],"author":[{"embeddable":true,"href":"https:\/\/tvbrazilusa.com\/pt\/wp-json\/wp\/v2\/users\/1"}],"replies":[{"embeddable":true,"href":"https:\/\/tvbrazilusa.com\/pt\/wp-json\/wp\/v2\/comments?post=115576"}],"version-history":[{"count":1,"href":"https:\/\/tvbrazilusa.com\/pt\/wp-json\/wp\/v2\/posts\/115576\/revisions"}],"predecessor-version":[{"id":115578,"href":"https:\/\/tvbrazilusa.com\/pt\/wp-json\/wp\/v2\/posts\/115576\/revisions\/115578"}],"wp:featuredmedia":[{"embeddable":true,"href":"https:\/\/tvbrazilusa.com\/pt\/wp-json\/wp\/v2\/media\/115577"}],"wp:attachment":[{"href":"https:\/\/tvbrazilusa.com\/pt\/wp-json\/wp\/v2\/media?parent=115576"}],"wp:term":[{"taxonomy":"category","embeddable":true,"href":"https:\/\/tvbrazilusa.com\/pt\/wp-json\/wp\/v2\/categories?post=115576"},{"taxonomy":"post_tag","embeddable":true,"href":"https:\/\/tvbrazilusa.com\/pt\/wp-json\/wp\/v2\/tags?post=115576"}],"curies":[{"name":"wp","href":"https:\/\/api.w.org\/{rel}","templated":true}]}}