{"id":115603,"date":"2025-04-01T00:30:15","date_gmt":"2025-04-01T00:30:15","guid":{"rendered":"https:\/\/tvbrazilusa.com\/2025\/04\/01\/janja-afirma-que-viajou-a-paris-sem-lula-a-convite-de-macron\/"},"modified":"2025-04-01T00:30:17","modified_gmt":"2025-04-01T00:30:17","slug":"janja-afirma-que-viajou-a-paris-sem-lula-a-convite-de-macron","status":"publish","type":"post","link":"https:\/\/tvbrazilusa.com\/pt\/2025\/04\/01\/janja-afirma-que-viajou-a-paris-sem-lula-a-convite-de-macron\/","title":{"rendered":"Janja afirma que viajou a Paris sem Lula a convite de Macron"},"content":{"rendered":"<p> <script async src=\"https:\/\/pagead2.googlesyndication.com\/pagead\/js\/adsbygoogle.js?client=ca-pub-8864793242727901\"\r\n     crossorigin=\"anonymous\"><\/script><br \/>\n<\/p>\n<div>\n<figure class=\"post-image\">\n<\/figure>\n<p>            <span style=\"font-size: 12px\">Foto: EFE\/Andre Borges<\/span><\/p>\n<p>            <!-- end metas --><br \/>\n            <!-- ADS --><\/p>\n<div id=\"taboola-read-more\" style=\"display:block; width:100%\">\n<p>Na Fran\u00e7a, sem Lula (PT), a primeira-dama Janja da Silva disse \u00e0 imprensa local que sua ida ao pa\u00eds ocorreu para atender uma solicita\u00e7\u00e3o do presidente franc\u00eas Emmanuel Macron. No pa\u00eds europeu, ela participou de debates promovidos pela Alian\u00e7a Global contra a Fome e a Pobreza e discutiu uma parceria de vacina com uma organiza\u00e7\u00e3o criada por Bill Gates.\n<\/p>\n<p>\u2013 Essa vinda para Paris foi encaixada na agenda internacional do presidente Lula. Eu ia ao Vietn\u00e3 com ele, acompanh\u00e1-lo, mas o presidente Macron ligou e fez quest\u00e3o que eu estivesse presente aqui \u2013 contou Janja ao canal RFI.\u00a0<\/p>\n<p>Gostando ou n\u00e3o, eu tenho feito da Alian\u00e7a Global contra a Fome e a Pobreza tamb\u00e9m uma causa minha, n\u00e3o apenas do presidente Lula. Eu trouxe essa pauta para mim, especialmente para as mulheres. Acho que \u00e9 importante falar sobre isso. Voc\u00eas viram que o evento \u00e9 dominado basicamente por homens, e a gente sabe que a quest\u00e3o da fome e da pobreza impacta diretamente a vida das mulheres. Por isso, esse tema \u00e9 muito importante para mim. Quando o presidente Macron me convida para tratar desse assunto aqui, considero essencial trazer a voz das mulheres para esse espa\u00e7o.\n<\/p>\n<p>Fonte: Pleno News              <\/p>\n<\/div>\n<p>                        <!-- Scripts para conteudo --><\/p>\n<p>            <!-- .\/Scripts para conteudo --><br \/>\n            <!-- .\/Mat\u00e9ria --><\/p>\n<div class=\"row mt-3\">\n<div class=\"col-sm-6\">\n                <!-- Whatsapp channel 3--><br \/>\n                <a href=\"https:\/\/chat.whatsapp.com\/B8Qy6Erx4kb6yTzj3kaDco\" target=\"_blank\"><br \/>\n                  <img decoding=\"async\" src=\"https:\/\/diariodobrasilnoticias.com.br\/assets-site\/images\/bot_whatsapp.png\"\/><\/a>\n              <\/div>\n<div class=\"col-sm-6\">\n                <a href=\"https:\/\/t.me\/+_4gTmi5LKo03OTM5\" target=\"_blank\"><br \/>\n                  <img decoding=\"async\" src=\"https:\/\/diariodobrasilnoticias.com.br\/assets-site\/images\/bot_telegram.png\"\/><\/a>\n              <\/div>\n<\/p><\/div>\n<p>            <!-- end post-navigation --><\/p>\n<p>              <!-- end row --><\/p>\n<p>              <!-- end col-12-->\n                      <\/div>\n<p><br \/>\n<br \/><a href=\"https:\/\/diariodobrasilnoticias.com.br\/noticia\/janja-afirma-que-viajou-a-paris-sem-lula-a-convite-de-macron-67eb1361246fb\">Source link <\/a><\/p>","protected":false},"excerpt":{"rendered":"<p>Foto: EFE\/Andre Borges Na Fran\u00e7a, sem Lula (PT), a primeira-dama Janja da Silva disse \u00e0 imprensa local que sua ida ao pa\u00eds ocorreu para atender uma solicita\u00e7\u00e3o do presidente franc\u00eas&hellip;<\/p>","protected":false},"author":1,"featured_media":115604,"comment_status":"closed","ping_status":"open","sticky":false,"template":"","format":"standard","meta":{"content-type":"","footnotes":""},"categories":[16],"tags":[123,2448,5313,1267],"class_list":["post-115603","post","type-post","status-publish","format-standard","has-post-thumbnail","hentry","category-noticias","tag-brasil","tag-diario","tag-noticia","tag-noticias"],"_links":{"self":[{"href":"https:\/\/tvbrazilusa.com\/pt\/wp-json\/wp\/v2\/posts\/115603","targetHints":{"allow":["GET"]}}],"collection":[{"href":"https:\/\/tvbrazilusa.com\/pt\/wp-json\/wp\/v2\/posts"}],"about":[{"href":"https:\/\/tvbrazilusa.com\/pt\/wp-json\/wp\/v2\/types\/post"}],"author":[{"embeddable":true,"href":"https:\/\/tvbrazilusa.com\/pt\/wp-json\/wp\/v2\/users\/1"}],"replies":[{"embeddable":true,"href":"https:\/\/tvbrazilusa.com\/pt\/wp-json\/wp\/v2\/comments?post=115603"}],"version-history":[{"count":1,"href":"https:\/\/tvbrazilusa.com\/pt\/wp-json\/wp\/v2\/posts\/115603\/revisions"}],"predecessor-version":[{"id":115605,"href":"https:\/\/tvbrazilusa.com\/pt\/wp-json\/wp\/v2\/posts\/115603\/revisions\/115605"}],"wp:featuredmedia":[{"embeddable":true,"href":"https:\/\/tvbrazilusa.com\/pt\/wp-json\/wp\/v2\/media\/115604"}],"wp:attachment":[{"href":"https:\/\/tvbrazilusa.com\/pt\/wp-json\/wp\/v2\/media?parent=115603"}],"wp:term":[{"taxonomy":"category","embeddable":true,"href":"https:\/\/tvbrazilusa.com\/pt\/wp-json\/wp\/v2\/categories?post=115603"},{"taxonomy":"post_tag","embeddable":true,"href":"https:\/\/tvbrazilusa.com\/pt\/wp-json\/wp\/v2\/tags?post=115603"}],"curies":[{"name":"wp","href":"https:\/\/api.w.org\/{rel}","templated":true}]}}