{"id":115612,"date":"2025-04-01T01:08:16","date_gmt":"2025-04-01T01:08:16","guid":{"rendered":"https:\/\/tvbrazilusa.com\/2025\/04\/01\/a-pgr-solicita-a-manutencao-da-prisao-do-delegado-suspeito-no-caso-marielle-franco\/"},"modified":"2025-04-01T01:08:18","modified_gmt":"2025-04-01T01:08:18","slug":"a-pgr-solicita-a-manutencao-da-prisao-do-delegado-suspeito-no-caso-marielle-franco","status":"publish","type":"post","link":"https:\/\/tvbrazilusa.com\/pt\/2025\/04\/01\/a-pgr-solicita-a-manutencao-da-prisao-do-delegado-suspeito-no-caso-marielle-franco\/","title":{"rendered":"A PGR solicita a manuten\u00e7\u00e3o da pris\u00e3o do delegado suspeito no caso Marielle Franco"},"content":{"rendered":"<p> <script async src=\"https:\/\/pagead2.googlesyndication.com\/pagead\/js\/adsbygoogle.js?client=ca-pub-8864793242727901\"\r\n     crossorigin=\"anonymous\"><\/script><br \/>\n<\/p>\n<div id=\"taboola-read-more\" style=\"display:block; width:100%\">\n<p>A Procuradoria-Geral da Rep\u00fablica (PGR) manifestou-se pela manuten\u00e7\u00e3o da pris\u00e3o preventiva do delegado da Pol\u00edcia Civil do Rio de Janeiro (PCRJ) Rivaldo Barbosa, preso sob suspeita de ser um dos mentores do assassinato da ex-vereadora Marielle Franco e do motorista Anderson Gomes.\n<\/p>\n<p>O parecer, assinado pelo vice-procurador-geral da Rep\u00fablica, Hindenburgo Chateaubriand Filho, e encaminhado ao Supremo Tribunal Federal (STF), sustenta que a pris\u00e3o do delegado \u00e9 necess\u00e1ria, uma vez que as investiga\u00e7\u00f5es da Pol\u00edcia Federal (PF) indicam sua participa\u00e7\u00e3o em um esquema de corrup\u00e7\u00e3o para assegurar impunidade aos irm\u00e3os Braz\u00e3o enquanto comandava a Pol\u00edcia Civil.<\/p>\n<p>Entenda<br \/>Rivaldo Barbosa est\u00e1 preso desde mar\u00e7o do ano passado, sob suspeita de ser um dos mentores do assassinato de Marielle.<br \/>Al\u00e9m de Rivaldo, responde ao processo o deputado federal Chiquinho Braz\u00e3o (sem partido-RJ) e o conselheiro do Tribunal de Contas do Estado do Rio de Janeiro (TCE-RJ) Domingos Braz\u00e3o.<br \/>O relator do processo \u00e9 o ministro Alexandre de Moraes.\n<\/p>\n<p><strong>\u201cAs investiga\u00e7\u00f5es e depoimentos de testemunhas, como \u00c9lcio de Queiroz, corroboram a parceria entre Lessa e Macal\u00e9 em outros homic\u00eddios praticados no Rio de Janeiro. A motiva\u00e7\u00e3o do crime estaria ligada \u00e0 atua\u00e7\u00e3o pol\u00edtica de Marielle Franco, que prejudicava os interesses dos irm\u00e3os Braz\u00e3o na explora\u00e7\u00e3o de \u00e1reas dominadas por mil\u00edcias\u201d, escreveu o procurador.<\/strong>\n<\/p>\n<p>\u201cConforme o depoimento de Ronnie Lessa, Rivaldo Barbosa de Ara\u00fajo J\u00fanior, ent\u00e3o chefe da Divis\u00e3o de Homic\u00eddios da Pol\u00edcia Civil do Rio de Janeiro, teve participa\u00e7\u00e3o crucial no plano do homic\u00eddio de Marielle Franco, auxiliando no planejamento e garantindo a impunidade dos mandantes\u201d, prosseguiu.\n<\/p>\n<p>A manifesta\u00e7\u00e3o da PGR ocorre ap\u00f3s a defesa de Rivaldo Barbosa solicitar, em 23 de mar\u00e7o, a revoga\u00e7\u00e3o da pris\u00e3o preventiva. O delegado est\u00e1 detido na Penitenci\u00e1ria Federal de Porto Velho, em Rond\u00f4nia, desde mar\u00e7o do ano passado. Agora, a decis\u00e3o caber\u00e1 ao ministro Alexandre de Moraes, relator do caso.\n<\/p>\n<p><strong>Sal\u00e1rio desbloqueado<\/strong><br \/>Recentemente, Moraes autorizou o desbloqueio parcial do sal\u00e1rio de Rivaldo, que j\u00e1 ocupou o cargo de chefe da Pol\u00edcia Civil do Rio de Janeiro.\n<\/p>\n<p>Com a decis\u00e3o, foi expedido um of\u00edcio ao Banco Central para liberar R$ 18.813,49 mensais das verbas salariais do delegado, que recebe um total de R$ 29 mil. As movimenta\u00e7\u00f5es financeiras devem ser feitas por sua esposa, \u00c9rika Andrade de Almeida Ara\u00fajo.\n<\/p>\n<p>Moraes atendeu a um pedido da defesa, que alegou que a falta de acesso ao sal\u00e1rio comprometia \u201cseveramente as condi\u00e7\u00f5es financeiras de sua fam\u00edlia, que hoje depende de sua renda para o m\u00ednimo existencial\u201d.\n<\/p>\n<p>Fonte: Metr\u00f3poles              <\/p>\n<\/div>\n<p><br \/>\n<br \/><a href=\"https:\/\/diariodobrasilnoticias.com.br\/noticia\/a-pgr-solicita-a-manutencao-da-prisao-do-delegado-suspeito-no-caso-marielle-franco-67eb1599a1ed3\">Source link <\/a><\/p>","protected":false},"excerpt":{"rendered":"<p>A Procuradoria-Geral da Rep\u00fablica (PGR) manifestou-se pela manuten\u00e7\u00e3o da pris\u00e3o preventiva do delegado da Pol\u00edcia Civil do Rio de Janeiro (PCRJ) Rivaldo Barbosa, preso sob suspeita de ser um dos&hellip;<\/p>","protected":false},"author":1,"featured_media":115613,"comment_status":"closed","ping_status":"open","sticky":false,"template":"","format":"standard","meta":{"content-type":"","footnotes":""},"categories":[16],"tags":[123,2448,5313,1267],"class_list":["post-115612","post","type-post","status-publish","format-standard","has-post-thumbnail","hentry","category-noticias","tag-brasil","tag-diario","tag-noticia","tag-noticias"],"_links":{"self":[{"href":"https:\/\/tvbrazilusa.com\/pt\/wp-json\/wp\/v2\/posts\/115612","targetHints":{"allow":["GET"]}}],"collection":[{"href":"https:\/\/tvbrazilusa.com\/pt\/wp-json\/wp\/v2\/posts"}],"about":[{"href":"https:\/\/tvbrazilusa.com\/pt\/wp-json\/wp\/v2\/types\/post"}],"author":[{"embeddable":true,"href":"https:\/\/tvbrazilusa.com\/pt\/wp-json\/wp\/v2\/users\/1"}],"replies":[{"embeddable":true,"href":"https:\/\/tvbrazilusa.com\/pt\/wp-json\/wp\/v2\/comments?post=115612"}],"version-history":[{"count":1,"href":"https:\/\/tvbrazilusa.com\/pt\/wp-json\/wp\/v2\/posts\/115612\/revisions"}],"predecessor-version":[{"id":115614,"href":"https:\/\/tvbrazilusa.com\/pt\/wp-json\/wp\/v2\/posts\/115612\/revisions\/115614"}],"wp:featuredmedia":[{"embeddable":true,"href":"https:\/\/tvbrazilusa.com\/pt\/wp-json\/wp\/v2\/media\/115613"}],"wp:attachment":[{"href":"https:\/\/tvbrazilusa.com\/pt\/wp-json\/wp\/v2\/media?parent=115612"}],"wp:term":[{"taxonomy":"category","embeddable":true,"href":"https:\/\/tvbrazilusa.com\/pt\/wp-json\/wp\/v2\/categories?post=115612"},{"taxonomy":"post_tag","embeddable":true,"href":"https:\/\/tvbrazilusa.com\/pt\/wp-json\/wp\/v2\/tags?post=115612"}],"curies":[{"name":"wp","href":"https:\/\/api.w.org\/{rel}","templated":true}]}}