{"id":115618,"date":"2025-04-01T01:33:38","date_gmt":"2025-04-01T01:33:38","guid":{"rendered":"https:\/\/tvbrazilusa.com\/2025\/04\/01\/lula-veta-ida-de-campos-neto-para-o-grupo-jbs-segundo-jornal\/"},"modified":"2025-04-01T01:33:39","modified_gmt":"2025-04-01T01:33:39","slug":"lula-veta-ida-de-campos-neto-para-o-grupo-jbs-segundo-jornal","status":"publish","type":"post","link":"https:\/\/tvbrazilusa.com\/pt\/2025\/04\/01\/lula-veta-ida-de-campos-neto-para-o-grupo-jbs-segundo-jornal\/","title":{"rendered":"Lula veta ida de Campos Neto para o grupo JBS, segundo jornal"},"content":{"rendered":"<p> <script async src=\"https:\/\/pagead2.googlesyndication.com\/pagead\/js\/adsbygoogle.js?client=ca-pub-8864793242727901\"\r\n     crossorigin=\"anonymous\"><\/script><br \/>\n<\/p>\n<div id=\"taboola-read-more\" style=\"display:block; width:100%\">\n<p>O ex-presidente do Banco Central (BC), Roberto Campos Neto, foi convidado para trabalhar na JBS, do grupo J&#038;F, logo que o seu per\u00edodo de quarentena acabasse, segundo o jornal O Globo. Ele deixou o cargo no BC no \u00faltimo dia 31 de dezembro.\n<\/p>\n<p>De acordo com o jornal, assim que o presidente da Rep\u00fablica, Luiz In\u00e1cio Lula da Silva (PT) soube, mandou avisar que aquela n\u00e3o era uma boa ideia. A proposta havia sido aceita por Campos Neto, mas, depois da interven\u00e7\u00e3o de Lula, foi engavetada.<\/p>\n<p>Os propriet\u00e1rios do J&#038;F, os irm\u00e3os Wesley e Joesley Batista, tiveram problemas com a Justi\u00e7a em 2017, quando foram presos sob acusa\u00e7\u00e3o de corrup\u00e7\u00e3o.\n<\/p>\n<p>Em uma dela\u00e7\u00e3o premiada, Joesley causou problemas ao governo de Michel Temer e ao PT. Em acordo de leni\u00eancia com o Minist\u00e9rio P\u00fablico Federal (MPF) a empresa foi condenada a pagar uma multa de R$ 10,3 bilh\u00f5es.\n<\/p>\n<p>Em 2023, eles retornaram ao conselho da empresa, absolvidos pela Comiss\u00e3o de Valores Mobili\u00e1rios (CVM) da acusa\u00e7\u00e3o de insider tranding (crime financeiro por meio de informa\u00e7\u00e3o privilegiada).\n<\/p>\n<p>Tamb\u00e9m em 2023, o STF decidiu suspender a multa. Desde ent\u00e3o, houve uma reaproxima\u00e7\u00e3o de Joesley e Wesley com o presidente Lula, que inclusive visitou uma das f\u00e1bricas da JBS, em abril de 2024.\n<\/p>\n<p>Os irm\u00e3os Batista tamb\u00e9m estiveram em maio de 2024 no Pal\u00e1cio do Planalto, onde, ao lado de outros executivos do setor, participaram de uma reuni\u00e3o com o presidente.\n<\/p>\n<p>J\u00e1 a rela\u00e7\u00e3o entre Campos Neto e Lula foi marcada por tens\u00f5es. Campos Neto foi nomeado para o cargo em 2019, ainda no governo de Jair Bolsonaro (PL). Desde ent\u00e3o, ele manteve postura de independ\u00eancia institucional, o que gerou algumas diverg\u00eancias com o governo Lula, cujo terceiro mandato se iniciou em 2023.\n<\/p>\n<p>A independ\u00eancia do BC \u00e9 um princ\u00edpio constitucional que visa a garantir que a pol\u00edtica monet\u00e1ria do pa\u00eds seja conduzida de forma t\u00e9cnica e n\u00e3o sujeita a press\u00f5es pol\u00edticas de curto prazo.\n<\/p>\n<p>Diverg\u00eancias entre Lula e Campos Neto<br \/>Em seu discurso de campanha e nas primeiras declara\u00e7\u00f5es de seu mandato, Lula criticou as altas taxas de juros definidas pelo BC, sob a lideran\u00e7a de Campos Neto.\n<\/p>\n<p>O presidente petista argumentava que a pol\u00edtica monet\u00e1ria estava prejudicando o crescimento econ\u00f4mico e gerando dificuldades para o setor produtivo e a popula\u00e7\u00e3o mais vulner\u00e1vel.\n<\/p>\n<p>O presidente chegou a afirmar que Campos Neto, como parte do governo anterior, estaria implementando uma pol\u00edtica que favorecia os interesses do setor financeiro em detrimento das necessidades da popula\u00e7\u00e3o.\n<\/p>\n<p>Mesmo com as cr\u00edticas, o BC manteve sua autonomia e Campos Neto seguiu \u00e0 frente da institui\u00e7\u00e3o. O atual presidente do BC, Gabriel Gal\u00edpolo, foi indicado por Lula e substituiu Campos Neto. A gest\u00e3o de Gal\u00edpolo, no entanto, continua mantendo os juros em patamares elevados, em fun\u00e7\u00e3o da amea\u00e7a inflacion\u00e1ria.\n<\/p>\n<p>Fonte: Revista Oeste              <\/p>\n<\/div>\n<p><br \/>\n<br \/><a href=\"https:\/\/diariodobrasilnoticias.com.br\/noticia\/lula-veta-ida-de-campos-neto-para-o-grupo-jbs-segundo-jornal-67eb16d4380f3\">Source link <\/a><\/p>","protected":false},"excerpt":{"rendered":"<p>O ex-presidente do Banco Central (BC), Roberto Campos Neto, foi convidado para trabalhar na JBS, do grupo J&#038;F, logo que o seu per\u00edodo de quarentena acabasse, segundo o jornal O&hellip;<\/p>","protected":false},"author":1,"featured_media":115619,"comment_status":"closed","ping_status":"open","sticky":false,"template":"","format":"standard","meta":{"content-type":"","footnotes":""},"categories":[16],"tags":[123,2448,5313,1267],"class_list":["post-115618","post","type-post","status-publish","format-standard","has-post-thumbnail","hentry","category-noticias","tag-brasil","tag-diario","tag-noticia","tag-noticias"],"_links":{"self":[{"href":"https:\/\/tvbrazilusa.com\/pt\/wp-json\/wp\/v2\/posts\/115618","targetHints":{"allow":["GET"]}}],"collection":[{"href":"https:\/\/tvbrazilusa.com\/pt\/wp-json\/wp\/v2\/posts"}],"about":[{"href":"https:\/\/tvbrazilusa.com\/pt\/wp-json\/wp\/v2\/types\/post"}],"author":[{"embeddable":true,"href":"https:\/\/tvbrazilusa.com\/pt\/wp-json\/wp\/v2\/users\/1"}],"replies":[{"embeddable":true,"href":"https:\/\/tvbrazilusa.com\/pt\/wp-json\/wp\/v2\/comments?post=115618"}],"version-history":[{"count":1,"href":"https:\/\/tvbrazilusa.com\/pt\/wp-json\/wp\/v2\/posts\/115618\/revisions"}],"predecessor-version":[{"id":115620,"href":"https:\/\/tvbrazilusa.com\/pt\/wp-json\/wp\/v2\/posts\/115618\/revisions\/115620"}],"wp:featuredmedia":[{"embeddable":true,"href":"https:\/\/tvbrazilusa.com\/pt\/wp-json\/wp\/v2\/media\/115619"}],"wp:attachment":[{"href":"https:\/\/tvbrazilusa.com\/pt\/wp-json\/wp\/v2\/media?parent=115618"}],"wp:term":[{"taxonomy":"category","embeddable":true,"href":"https:\/\/tvbrazilusa.com\/pt\/wp-json\/wp\/v2\/categories?post=115618"},{"taxonomy":"post_tag","embeddable":true,"href":"https:\/\/tvbrazilusa.com\/pt\/wp-json\/wp\/v2\/tags?post=115618"}],"curies":[{"name":"wp","href":"https:\/\/api.w.org\/{rel}","templated":true}]}}