{"id":115621,"date":"2025-04-01T01:45:57","date_gmt":"2025-04-01T01:45:57","guid":{"rendered":"https:\/\/tvbrazilusa.com\/2025\/04\/01\/houthis-dizem-ter-derrubado-drone-dos-eua-no-iemen\/"},"modified":"2025-04-01T01:45:58","modified_gmt":"2025-04-01T01:45:58","slug":"houthis-dizem-ter-derrubado-drone-dos-eua-no-iemen","status":"publish","type":"post","link":"https:\/\/tvbrazilusa.com\/pt\/2025\/04\/01\/houthis-dizem-ter-derrubado-drone-dos-eua-no-iemen\/","title":{"rendered":"Houthis dizem ter derrubado drone dos EUA no I\u00eamen"},"content":{"rendered":"<p> <script async src=\"https:\/\/pagead2.googlesyndication.com\/pagead\/js\/adsbygoogle.js?client=ca-pub-8864793242727901\"\r\n     crossorigin=\"anonymous\"><\/script><br \/>\n<\/p>\n<div id=\"taboola-read-more\" style=\"display:block; width:100%\">\n<p>Os Houthis alegaram ter derrubado um drone MQ-9 Reaper, dos Estados Unidos, que sobrevoava o territ\u00f3rio do I\u00eamen. Em um comunicado divulgado nesta segunda-feira (31\/3), o grupo rebelde disse que a opera\u00e7\u00e3o \u00e9 uma resposta aos recentes ataques norte-americanos no pa\u00eds.\n<\/p>\n<p><strong>Quem s\u00e3o os Houthis<\/strong><br \/>O grupo Houthis foi fundado no in\u00edcio da d\u00e9cada de 1990, no I\u00eamen.<br \/>Desde meados de 2014 o grupo iemenita controla partes da capital do I\u00eamen, Sanaa, e outras regi\u00f5es do pa\u00eds.<br \/>Em meio \u00e0 guerra na Faixa de Gaza entre Israel e Hamas, o grupo passou a realizar ataques contra embarca\u00e7\u00f5es ligadas a Israel e parceiros na regi\u00e3o dos mares Vermelho e Ar\u00e1bico. Navios dos EUA chegaram a ser alvos de ataques desde ent\u00e3o.<br \/>Os atos, de acordo com os Houthis, s\u00e3o em apoio ao povo da Palestina.<\/p>\n<p>De acordo com a organiza\u00e7\u00e3o, que controla partes do I\u00eamen, este \u00e9 o d\u00e9cimo sexto drone norte-americano abatido desde 2023, quando os Houthis iniciaram opera\u00e7\u00f5es militares contra embarca\u00e7\u00f5es e aeronaves de pa\u00edses aliados a Israel.\n<\/p>\n<p>A suposta demonstra\u00e7\u00e3o de for\u00e7a do grupo iemenita surge no mesmo dia em que o presidente dos EUA, Donald Trump, disse que o grupo foi \u201cdizimado\u201d durante os ataques norte-americanos ao longo das \u00faltimas duas semanas.\n<\/p>\n<p>At\u00e9 o momento, autoridades dos EUA ainda n\u00e3o se pronunciaram sobre a poss\u00edvel perda do drone militar no I\u00eamen\n<\/p>\n<p>Fonte: Metr\u00f3poles              <\/p>\n<\/div>\n<p><br \/>\n<br \/><a href=\"https:\/\/diariodobrasilnoticias.com.br\/noticia\/houthis-dizem-ter-derrubado-drone-dos-eua-no-iemen-67eb26d204dbe\">Source link <\/a><\/p>","protected":false},"excerpt":{"rendered":"<p>Os Houthis alegaram ter derrubado um drone MQ-9 Reaper, dos Estados Unidos, que sobrevoava o territ\u00f3rio do I\u00eamen. Em um comunicado divulgado nesta segunda-feira (31\/3), o grupo rebelde disse que&hellip;<\/p>","protected":false},"author":1,"featured_media":115622,"comment_status":"closed","ping_status":"open","sticky":false,"template":"","format":"standard","meta":{"content-type":"","footnotes":""},"categories":[16],"tags":[123,2448,5313,1267],"class_list":["post-115621","post","type-post","status-publish","format-standard","has-post-thumbnail","hentry","category-noticias","tag-brasil","tag-diario","tag-noticia","tag-noticias"],"_links":{"self":[{"href":"https:\/\/tvbrazilusa.com\/pt\/wp-json\/wp\/v2\/posts\/115621","targetHints":{"allow":["GET"]}}],"collection":[{"href":"https:\/\/tvbrazilusa.com\/pt\/wp-json\/wp\/v2\/posts"}],"about":[{"href":"https:\/\/tvbrazilusa.com\/pt\/wp-json\/wp\/v2\/types\/post"}],"author":[{"embeddable":true,"href":"https:\/\/tvbrazilusa.com\/pt\/wp-json\/wp\/v2\/users\/1"}],"replies":[{"embeddable":true,"href":"https:\/\/tvbrazilusa.com\/pt\/wp-json\/wp\/v2\/comments?post=115621"}],"version-history":[{"count":1,"href":"https:\/\/tvbrazilusa.com\/pt\/wp-json\/wp\/v2\/posts\/115621\/revisions"}],"predecessor-version":[{"id":115623,"href":"https:\/\/tvbrazilusa.com\/pt\/wp-json\/wp\/v2\/posts\/115621\/revisions\/115623"}],"wp:featuredmedia":[{"embeddable":true,"href":"https:\/\/tvbrazilusa.com\/pt\/wp-json\/wp\/v2\/media\/115622"}],"wp:attachment":[{"href":"https:\/\/tvbrazilusa.com\/pt\/wp-json\/wp\/v2\/media?parent=115621"}],"wp:term":[{"taxonomy":"category","embeddable":true,"href":"https:\/\/tvbrazilusa.com\/pt\/wp-json\/wp\/v2\/categories?post=115621"},{"taxonomy":"post_tag","embeddable":true,"href":"https:\/\/tvbrazilusa.com\/pt\/wp-json\/wp\/v2\/tags?post=115621"}],"curies":[{"name":"wp","href":"https:\/\/api.w.org\/{rel}","templated":true}]}}