{"id":115639,"date":"2025-04-01T03:05:44","date_gmt":"2025-04-01T03:05:44","guid":{"rendered":"https:\/\/tvbrazilusa.com\/2025\/04\/01\/brasileiro-fundador-da-marca-lecar-promete-carro-hibrido-flex-movido-a-etanol-de-percorrer-1-000km-com-apenas-30-litros-entenda\/"},"modified":"2025-04-01T03:05:47","modified_gmt":"2025-04-01T03:05:47","slug":"brasileiro-fundador-da-marca-lecar-promete-carro-hibrido-flex-movido-a-etanol-de-percorrer-1-000km-com-apenas-30-litros-entenda","status":"publish","type":"post","link":"https:\/\/tvbrazilusa.com\/pt\/2025\/04\/01\/brasileiro-fundador-da-marca-lecar-promete-carro-hibrido-flex-movido-a-etanol-de-percorrer-1-000km-com-apenas-30-litros-entenda\/","title":{"rendered":"Brasileiro fundador da marca Lecar promete carro h\u00edbrido\/flex, movido a etanol, de percorrer 1.000km com apenas 30 litros; entenda"},"content":{"rendered":"<p> <script async src=\"https:\/\/pagead2.googlesyndication.com\/pagead\/js\/adsbygoogle.js?client=ca-pub-8864793242727901\"\r\n     crossorigin=\"anonymous\"><\/script><br \/>\n<\/p>\n<div id=\"taboola-read-more\" style=\"display:block; width:100%\">\n<p>O empres\u00e1rio brasileiro Fl\u00e1vio Figueiredo Assis, fundador da Lecar, revelou um projeto inovador que pode redefinir a mobilidade sustent\u00e1vel no Brasil: o Lecar 459, um ve\u00edculo h\u00edbrido flex que promete percorrer 1.000 km com apenas 30 litros de etanol, atingindo um consumo impressionante de 33,3 km por litro.\n<\/p>\n<p>O grande diferencial desse modelo \u00e9 sua tecnologia h\u00edbrida flex, que combina um motor a combust\u00e3o, utilizado exclusivamente como gerador de energia, e um motor el\u00e9trico que impulsiona o ve\u00edculo. Diferente de h\u00edbridos convencionais e carros el\u00e9tricos, o Lecar 459 n\u00e3o depende de recarga externa. Ele \u00e9 abastecido apenas com etanol, tornando-se uma alternativa vi\u00e1vel e sustent\u00e1vel, especialmente para pa\u00edses como o Brasil, onde o etanol \u00e9 amplamente dispon\u00edvel.<\/p>\n<p>Al\u00e9m do consumo eficiente, essa tecnologia pode representar uma mudan\u00e7a significativa na forma como vemos a eletrifica\u00e7\u00e3o automotiva no pa\u00eds. Enquanto as montadoras tradicionais ainda enfrentam desafios com infraestrutura de carregamento e baterias de alto custo, o Lecar 459 surge como um meio-termo inteligente, unindo a efici\u00eancia energ\u00e9tica dos el\u00e9tricos \u00e0 praticidade do etanol, um biocombust\u00edvel renov\u00e1vel e com menor impacto ambiental.\n<\/p>\n<p>O modelo j\u00e1 est\u00e1 dispon\u00edvel para encomenda, com pre\u00e7o inicial de aproximadamente R$ 148 mil. A expectativa \u00e9 que o Lecar 459 atraia consumidores interessados em inova\u00e7\u00e3o, economia de combust\u00edvel e uma solu\u00e7\u00e3o mais sustent\u00e1vel para o futuro da mobilidade no Brasil. Se essa tecnologia se popularizar, podemos estar diante de um novo cap\u00edtulo na hist\u00f3ria do transporte, onde a eletrifica\u00e7\u00e3o ganha for\u00e7a sem depender exclusivamente de redes de carregamento.\n<\/p>\n<p>Fonte: @izaque.izq \/ Instagram              <\/p>\n<\/div>\n<p><br \/>\n<br \/><a href=\"https:\/\/diariodobrasilnoticias.com.br\/noticia\/brasileiro-fundador-da-marca-lecar-promete-carro-hibrido-flex-movido-a-etanol-de-percorrer-1-000km-com-apenas-30-litros-entenda-67eb29e70d9c6\">Source link <\/a><\/p>","protected":false},"excerpt":{"rendered":"<p>O empres\u00e1rio brasileiro Fl\u00e1vio Figueiredo Assis, fundador da Lecar, revelou um projeto inovador que pode redefinir a mobilidade sustent\u00e1vel no Brasil: o Lecar 459, um ve\u00edculo h\u00edbrido flex que promete&hellip;<\/p>","protected":false},"author":1,"featured_media":115640,"comment_status":"closed","ping_status":"open","sticky":false,"template":"","format":"standard","meta":{"content-type":"","footnotes":""},"categories":[16],"tags":[123,2448,5313,1267],"class_list":["post-115639","post","type-post","status-publish","format-standard","has-post-thumbnail","hentry","category-noticias","tag-brasil","tag-diario","tag-noticia","tag-noticias"],"_links":{"self":[{"href":"https:\/\/tvbrazilusa.com\/pt\/wp-json\/wp\/v2\/posts\/115639","targetHints":{"allow":["GET"]}}],"collection":[{"href":"https:\/\/tvbrazilusa.com\/pt\/wp-json\/wp\/v2\/posts"}],"about":[{"href":"https:\/\/tvbrazilusa.com\/pt\/wp-json\/wp\/v2\/types\/post"}],"author":[{"embeddable":true,"href":"https:\/\/tvbrazilusa.com\/pt\/wp-json\/wp\/v2\/users\/1"}],"replies":[{"embeddable":true,"href":"https:\/\/tvbrazilusa.com\/pt\/wp-json\/wp\/v2\/comments?post=115639"}],"version-history":[{"count":1,"href":"https:\/\/tvbrazilusa.com\/pt\/wp-json\/wp\/v2\/posts\/115639\/revisions"}],"predecessor-version":[{"id":115641,"href":"https:\/\/tvbrazilusa.com\/pt\/wp-json\/wp\/v2\/posts\/115639\/revisions\/115641"}],"wp:featuredmedia":[{"embeddable":true,"href":"https:\/\/tvbrazilusa.com\/pt\/wp-json\/wp\/v2\/media\/115640"}],"wp:attachment":[{"href":"https:\/\/tvbrazilusa.com\/pt\/wp-json\/wp\/v2\/media?parent=115639"}],"wp:term":[{"taxonomy":"category","embeddable":true,"href":"https:\/\/tvbrazilusa.com\/pt\/wp-json\/wp\/v2\/categories?post=115639"},{"taxonomy":"post_tag","embeddable":true,"href":"https:\/\/tvbrazilusa.com\/pt\/wp-json\/wp\/v2\/tags?post=115639"}],"curies":[{"name":"wp","href":"https:\/\/api.w.org\/{rel}","templated":true}]}}