{"id":115648,"date":"2025-04-01T08:25:19","date_gmt":"2025-04-01T08:25:19","guid":{"rendered":"https:\/\/tvbrazilusa.com\/2025\/04\/01\/prisao-feita-para-agressao-a-pessoas-sem-teto-na-union-station-de-new-haven\/"},"modified":"2025-04-01T08:26:09","modified_gmt":"2025-04-01T08:26:09","slug":"prisao-feita-para-agressao-a-pessoas-sem-teto-na-union-station-de-new-haven","status":"publish","type":"post","link":"https:\/\/tvbrazilusa.com\/pt\/2025\/04\/01\/prisao-feita-para-agressao-a-pessoas-sem-teto-na-union-station-de-new-haven\/","title":{"rendered":"Pris\u00e3o feita para agress\u00e3o a pessoas sem -teto na Union Station de New Haven"},"content":{"rendered":"<script async src=\"https:\/\/pagead2.googlesyndication.com\/pagead\/js\/adsbygoogle.js?client=ca-pub-8864793242727901\"\r\n     crossorigin=\"anonymous\"><\/script>\n<p>NEW HAVEN, Connecticut (WTNH) &#8211; A pol\u00edcia de New Haven fez uma pris\u00e3o por um ataque s\u00e9rio a um sem -teto na Union Train Station em fevereiro.<\/p>\n<p>Mark Boykin, de New Haven, foi acusado de agress\u00e3o no 1\u00ba grau.<\/p>\n<p>Segundo a pol\u00edcia, o ataque aconteceu em 22 de fevereiro, quando um sem-teto de 52 anos foi atingido por uma chave causando trauma na cabe\u00e7a e no rosto. Ele foi levado ao Hospital Yale New Haven para tratamento.<\/p>\n<p><br \/>\n<br \/><a href=\"https:\/\/www.wtnh.com\/news\/connecticut\/new-haven\/arrest-made-for-assault-of-homeless-person-at-new-havens-union-station\/\">Source link <\/a><\/p>","protected":false},"excerpt":{"rendered":"<p>NEW HAVEN, Connecticut (WTNH) &#8211; A pol\u00edcia de New Haven fez uma pris\u00e3o por um ataque s\u00e9rio a um sem -teto na Union Train Station em fevereiro. Mark Boykin, de&hellip;<\/p>","protected":false},"author":1,"featured_media":115649,"comment_status":"closed","ping_status":"open","sticky":false,"template":"","format":"standard","meta":{"content-type":"","footnotes":""},"categories":[1],"tags":[],"class_list":["post-115648","post","type-post","status-publish","format-standard","has-post-thumbnail","hentry","category-uncategorized"],"_links":{"self":[{"href":"https:\/\/tvbrazilusa.com\/pt\/wp-json\/wp\/v2\/posts\/115648","targetHints":{"allow":["GET"]}}],"collection":[{"href":"https:\/\/tvbrazilusa.com\/pt\/wp-json\/wp\/v2\/posts"}],"about":[{"href":"https:\/\/tvbrazilusa.com\/pt\/wp-json\/wp\/v2\/types\/post"}],"author":[{"embeddable":true,"href":"https:\/\/tvbrazilusa.com\/pt\/wp-json\/wp\/v2\/users\/1"}],"replies":[{"embeddable":true,"href":"https:\/\/tvbrazilusa.com\/pt\/wp-json\/wp\/v2\/comments?post=115648"}],"version-history":[{"count":1,"href":"https:\/\/tvbrazilusa.com\/pt\/wp-json\/wp\/v2\/posts\/115648\/revisions"}],"predecessor-version":[{"id":115650,"href":"https:\/\/tvbrazilusa.com\/pt\/wp-json\/wp\/v2\/posts\/115648\/revisions\/115650"}],"wp:featuredmedia":[{"embeddable":true,"href":"https:\/\/tvbrazilusa.com\/pt\/wp-json\/wp\/v2\/media\/115649"}],"wp:attachment":[{"href":"https:\/\/tvbrazilusa.com\/pt\/wp-json\/wp\/v2\/media?parent=115648"}],"wp:term":[{"taxonomy":"category","embeddable":true,"href":"https:\/\/tvbrazilusa.com\/pt\/wp-json\/wp\/v2\/categories?post=115648"},{"taxonomy":"post_tag","embeddable":true,"href":"https:\/\/tvbrazilusa.com\/pt\/wp-json\/wp\/v2\/tags?post=115648"}],"curies":[{"name":"wp","href":"https:\/\/api.w.org\/{rel}","templated":true}]}}