{"id":11565,"date":"2024-07-29T18:03:44","date_gmt":"2024-07-29T18:03:44","guid":{"rendered":"https:\/\/tvbrazilusa.com\/2024\/07\/29\/venezuela-ditador-nicolas-maduro-e-proclamado-presidente-reeleito-paulo-figueiredo\/"},"modified":"2024-07-29T18:53:46","modified_gmt":"2024-07-29T18:53:46","slug":"venezuela-ditador-nicolas-maduro-e-proclamado-presidente-reeleito-paulo-figueiredo","status":"publish","type":"post","link":"https:\/\/tvbrazilusa.com\/pt\/2024\/07\/29\/venezuela-ditador-nicolas-maduro-e-proclamado-presidente-reeleito-paulo-figueiredo\/","title":{"rendered":"Venezuela: Ditador Nicol\u00e1s Maduro \u00e9 proclamado presidente reeleito &#8211; Paulo Figueiredo"},"content":{"rendered":"<p> <script async src=\"https:\/\/pagead2.googlesyndication.com\/pagead\/js\/adsbygoogle.js?client=ca-pub-8864793242727901\"\r\n     crossorigin=\"anonymous\"><\/script><br \/>\n<\/p>\n<div id=\"wtr-content\" data-bg=\"#FFFFFF\" data-fg=\"#006d91\" data-width=\"25\" data-mute=\"1\" data-fgopacity=\"1.00\" data-mutedopacity=\"0.5\" data-placement=\"bottom\" data-placement-offset=\"0\" data-content-offset=\"262\" data-placement-touch=\"bottom\" data-placement-offset-touch=\"0\" data-transparent=\"\" data-shadow=\"0\" data-touch=\"1\" data-non-touch=\"1\" data-comments=\"0\" data-commentsbg=\"transparent\" data-location=\"page\" data-mutedfg=\"#006d91\" data-endfg=\"#006d91\" data-rtl=\"\">\n<h3 class=\"wp-block-heading\">O Conselho Nacional Eleitoral ratificou o resultado das urnas deste domingo, 28, em coletiva e imprensa<\/h3>\n<p>Depois da divulga\u00e7\u00e3o do\u00a0<strong>resultado das elei\u00e7\u00f5es da Venezuela<\/strong>\u00a0deste domingo, 28, o Conselho Nacional Eleitoral (CNE) proclamou o ditador Nicol\u00e1s Maduro como presidente reeleito do pa\u00eds, na tarde desta segunda-feira, 29. Segundo o \u00f3rg\u00e3o, o chavista obteve pouco mais de 5 milh\u00f5es de votos, enquanto Edmundo Gonz\u00e1lez, da oposi\u00e7\u00e3o, 4,4 milh\u00f5es.<\/p>\n<p>\u201cGostaria de saudar especialmente o corpo diplom\u00e1tico do pa\u00eds, embaixadores, encarregados de neg\u00f3cios e o povo\u201d, disse o ditador. \u201cTemos de respeitar os resultados das elei\u00e7\u00f5es.\u201d<\/p>\n<p>Sob grande desconfian\u00e7a a respeito do resultado das elei\u00e7\u00f5es,\u00a0<strong>Maduro defendeu o sistema eleitoral do pa\u00eds<\/strong>, o qual classificou como de \u201calt\u00edssimo n\u00edvel de seguran\u00e7a\u201d. \u201cHouve 16 auditorias. Digam-me: em quais pa\u00edses h\u00e1 tanta auditoria?\u201d, disse.<\/p>\n<p>Conforme o CNE, o Ditador ganhou com 51,2% dos votos. J\u00e1 o ex-diplomata Edmundo Gonz\u00e1lez obteve 44%.<\/p>\n<p>\u201cFoi um ataque massivo ao sistema de transmiss\u00e3o do CNE, porque os dem\u00f4nios n\u00e3o queriam que se publicasse o resultado hoje\u201d, afirmou o ditador, sem provas. \u201cSabemos de onde veio, quem ordenou. E a Procuradoria-Geral da Rep\u00fablica vai fazer Justi\u00e7a.\u201d<\/p>\n<p><strong><a href=\"https:\/\/revistaoeste.com\/mundo\/venezuela-nicolas-maduro-e-proclamado-presidente-reeleito\/\">Source link<\/a><\/strong><\/p>\n<\/div>\n<p><br \/>\n<br \/><a href=\"https:\/\/paulofigueiredoshow.com\/venezuela-ditador-nicolas-maduro-e-proclamado-presidente-reeleito\/\">Source link <\/a><\/p>","protected":false},"excerpt":{"rendered":"<p>O Conselho Nacional Eleitoral ratificou o resultado das urnas deste domingo, 28, em coletiva e imprensa Depois da divulga\u00e7\u00e3o do\u00a0resultado das elei\u00e7\u00f5es da Venezuela\u00a0deste domingo, 28, o Conselho Nacional Eleitoral&hellip;<\/p>","protected":false},"author":1,"featured_media":11566,"comment_status":"closed","ping_status":"open","sticky":false,"template":"","format":"standard","meta":{"content-type":"","footnotes":""},"categories":[16],"tags":[3978,1408,678,1590,4112,4113,1101],"class_list":["post-11565","post","type-post","status-publish","format-standard","has-post-thumbnail","hentry","category-noticias","tag-cne","tag-eleicoes","tag-fraude","tag-maduro","tag-proclamado","tag-reeleito","tag-venezuela"],"_links":{"self":[{"href":"https:\/\/tvbrazilusa.com\/pt\/wp-json\/wp\/v2\/posts\/11565","targetHints":{"allow":["GET"]}}],"collection":[{"href":"https:\/\/tvbrazilusa.com\/pt\/wp-json\/wp\/v2\/posts"}],"about":[{"href":"https:\/\/tvbrazilusa.com\/pt\/wp-json\/wp\/v2\/types\/post"}],"author":[{"embeddable":true,"href":"https:\/\/tvbrazilusa.com\/pt\/wp-json\/wp\/v2\/users\/1"}],"replies":[{"embeddable":true,"href":"https:\/\/tvbrazilusa.com\/pt\/wp-json\/wp\/v2\/comments?post=11565"}],"version-history":[{"count":1,"href":"https:\/\/tvbrazilusa.com\/pt\/wp-json\/wp\/v2\/posts\/11565\/revisions"}],"predecessor-version":[{"id":11567,"href":"https:\/\/tvbrazilusa.com\/pt\/wp-json\/wp\/v2\/posts\/11565\/revisions\/11567"}],"wp:featuredmedia":[{"embeddable":true,"href":"https:\/\/tvbrazilusa.com\/pt\/wp-json\/wp\/v2\/media\/11566"}],"wp:attachment":[{"href":"https:\/\/tvbrazilusa.com\/pt\/wp-json\/wp\/v2\/media?parent=11565"}],"wp:term":[{"taxonomy":"category","embeddable":true,"href":"https:\/\/tvbrazilusa.com\/pt\/wp-json\/wp\/v2\/categories?post=11565"},{"taxonomy":"post_tag","embeddable":true,"href":"https:\/\/tvbrazilusa.com\/pt\/wp-json\/wp\/v2\/tags?post=11565"}],"curies":[{"name":"wp","href":"https:\/\/api.w.org\/{rel}","templated":true}]}}