{"id":115660,"date":"2025-04-01T10:37:01","date_gmt":"2025-04-01T10:37:01","guid":{"rendered":"https:\/\/tvbrazilusa.com\/2025\/04\/01\/missionaria-detida-no-8-1-estava-coletando-dados-para-um-livro\/"},"modified":"2025-04-01T10:37:08","modified_gmt":"2025-04-01T10:37:08","slug":"missionaria-detida-no-8-1-estava-coletando-dados-para-um-livro","status":"publish","type":"post","link":"https:\/\/tvbrazilusa.com\/pt\/2025\/04\/01\/missionaria-detida-no-8-1-estava-coletando-dados-para-um-livro\/","title":{"rendered":"Mission\u00e1ria detida no 8\/1 estava coletando dados para um livro"},"content":{"rendered":"<p> <script async src=\"https:\/\/pagead2.googlesyndication.com\/pagead\/js\/adsbygoogle.js?client=ca-pub-8864793242727901\"\r\n     crossorigin=\"anonymous\"><\/script><br \/>\n<\/p>\n<div id=\"taboola-read-more\" style=\"display:block; width:100%\">\n<p>A mission\u00e1ria Eliene Amorim de Jesus, 28 anos, est\u00e1 presa em no Complexo Penitenci\u00e1rio de Pedrinhas, em S\u00e3o Luiz (MA), desde 17 de mar\u00e7o de 2023, acusada de participar dos atos do 8 de janeiro em Bras\u00edlia (DF). Assim como outras mulheres, ela pode ser condenada a at\u00e9 17 anos de pris\u00e3o sem que sua rela\u00e7\u00e3o com os atos de vandalismo aos pr\u00e9dios dos Tr\u00eas Poderes tenha sido provada. O caso dela foi relembrado pelo jornalista Jos\u00e9 Linhares, do Maranh\u00e3o, mesmo estado onde Eliene mora e est\u00e1 presa.\n<\/p>\n<p>Segundo o rep\u00f3rter, a mission\u00e1ria estava em Bras\u00edlia e chegou a dizer, nas redes sociais, que iria escrever um livro sobre as manifesta\u00e7\u00f5es que estavam acontecendo.<\/p>\n<p>Negra e moradora do bairro Angelim, em S\u00e3o Lu\u00eds, Eliene trabalhava como dom\u00e9stica, bab\u00e1, auxiliar de creche e manicure. Ela n\u00e3o tinha antecedentes criminais. Mesmo sem provas, sua pris\u00e3o foi \u201cem flagrante\u201d, dois meses ap\u00f3s o ato.\n<\/p>\n<p>Segundo Linhares, Eliene era estudante de Psicologia, e foi para Bras\u00edlia para acompanhar e conhecer as pessoas que estavam acampadas nos quart\u00e9is. Seu objetivo era fazer uma avalia\u00e7\u00e3o psicol\u00f3gica sobre o que estava acontecendo e ent\u00e3o escrever um livro, como pesquisadora.\n<\/p>\n<p>O jornalista afirma ainda que Eliene j\u00e1 tinha um vasto material de pesquisa, fotos e anota\u00e7\u00f5es, das manifesta\u00e7\u00f5es em S\u00e3o Lu\u00eds, quando foi para Bras\u00edlia, acompanhada por centenas de outros maranhenses. Por\u00e9m, s\u00f3 ela foi presa, por ter compartilhado em suas redes sociais que estava na capital federal naquele dia.<\/p>\n<p>Fonte: Pleno News              <\/p>\n<\/div>\n<p><br \/>\n<br \/><a href=\"https:\/\/diariodobrasilnoticias.com.br\/noticia\/missionaria-detida-no-8-1-estava-coletando-dados-para-um-livro-67ebbf03c118a\">Source link <\/a><\/p>","protected":false},"excerpt":{"rendered":"<p>A mission\u00e1ria Eliene Amorim de Jesus, 28 anos, est\u00e1 presa em no Complexo Penitenci\u00e1rio de Pedrinhas, em S\u00e3o Luiz (MA), desde 17 de mar\u00e7o de 2023, acusada de participar dos&hellip;<\/p>","protected":false},"author":1,"featured_media":115661,"comment_status":"closed","ping_status":"open","sticky":false,"template":"","format":"standard","meta":{"content-type":"","footnotes":""},"categories":[16],"tags":[123,2448,5313,1267],"class_list":["post-115660","post","type-post","status-publish","format-standard","has-post-thumbnail","hentry","category-noticias","tag-brasil","tag-diario","tag-noticia","tag-noticias"],"_links":{"self":[{"href":"https:\/\/tvbrazilusa.com\/pt\/wp-json\/wp\/v2\/posts\/115660","targetHints":{"allow":["GET"]}}],"collection":[{"href":"https:\/\/tvbrazilusa.com\/pt\/wp-json\/wp\/v2\/posts"}],"about":[{"href":"https:\/\/tvbrazilusa.com\/pt\/wp-json\/wp\/v2\/types\/post"}],"author":[{"embeddable":true,"href":"https:\/\/tvbrazilusa.com\/pt\/wp-json\/wp\/v2\/users\/1"}],"replies":[{"embeddable":true,"href":"https:\/\/tvbrazilusa.com\/pt\/wp-json\/wp\/v2\/comments?post=115660"}],"version-history":[{"count":1,"href":"https:\/\/tvbrazilusa.com\/pt\/wp-json\/wp\/v2\/posts\/115660\/revisions"}],"predecessor-version":[{"id":115662,"href":"https:\/\/tvbrazilusa.com\/pt\/wp-json\/wp\/v2\/posts\/115660\/revisions\/115662"}],"wp:featuredmedia":[{"embeddable":true,"href":"https:\/\/tvbrazilusa.com\/pt\/wp-json\/wp\/v2\/media\/115661"}],"wp:attachment":[{"href":"https:\/\/tvbrazilusa.com\/pt\/wp-json\/wp\/v2\/media?parent=115660"}],"wp:term":[{"taxonomy":"category","embeddable":true,"href":"https:\/\/tvbrazilusa.com\/pt\/wp-json\/wp\/v2\/categories?post=115660"},{"taxonomy":"post_tag","embeddable":true,"href":"https:\/\/tvbrazilusa.com\/pt\/wp-json\/wp\/v2\/tags?post=115660"}],"curies":[{"name":"wp","href":"https:\/\/api.w.org\/{rel}","templated":true}]}}